{"id":337696,"date":"2022-05-09T15:48:35","date_gmt":"2022-05-09T18:48:35","guid":{"rendered":"https:\/\/notinor.com\/jujuy\/?p=337696"},"modified":"2022-05-09T15:48:40","modified_gmt":"2022-05-09T18:48:40","slug":"la-fifa-ratifico-que-la-seleccion-argentina-debe-jugar-ante-brasil-y-afa-ira-al-tas-para-evitarlo","status":"publish","type":"post","link":"https:\/\/notinor.com\/jujuy\/la-fifa-ratifico-que-la-seleccion-argentina-debe-jugar-ante-brasil-y-afa-ira-al-tas-para-evitarlo\/","title":{"rendered":"La FIFA ratific\u00f3 que la Selecci\u00f3n Argentina debe jugar ante Brasil y AFA ir\u00e1 al TAS para evitarlo"},"content":{"rendered":"\n<p><em>La decisi\u00f3n del segundo \u00f3rgano legal de la casa madre del f\u00fatbol mundial no dio lugar al pedido de la Asociaci\u00f3n del F\u00fatbol Argentino, que no piensa bajar los brazos y acudir\u00e1 al TAS.<\/em><\/p>\n\n\n\n<div class=\"wp-block-image\"><figure class=\"aligncenter size-large\"><img decoding=\"async\" loading=\"lazy\" width=\"708\" height=\"480\" src=\"https:\/\/notinor.com\/jujuy\/wp-content\/uploads\/2022\/05\/TU5LHUCFDZD7FBSTUM2MZ3IBY4-708x480.jpg\" alt=\"\" class=\"wp-image-337697\" srcset=\"https:\/\/notinor.com\/jujuy\/wp-content\/uploads\/2022\/05\/TU5LHUCFDZD7FBSTUM2MZ3IBY4-708x480.jpg 708w, https:\/\/notinor.com\/jujuy\/wp-content\/uploads\/2022\/05\/TU5LHUCFDZD7FBSTUM2MZ3IBY4-539x365.jpg 539w, https:\/\/notinor.com\/jujuy\/wp-content\/uploads\/2022\/05\/TU5LHUCFDZD7FBSTUM2MZ3IBY4-768x520.jpg 768w, https:\/\/notinor.com\/jujuy\/wp-content\/uploads\/2022\/05\/TU5LHUCFDZD7FBSTUM2MZ3IBY4-1536x1041.jpg 1536w, https:\/\/notinor.com\/jujuy\/wp-content\/uploads\/2022\/05\/TU5LHUCFDZD7FBSTUM2MZ3IBY4-2048x1388.jpg 2048w, https:\/\/notinor.com\/jujuy\/wp-content\/uploads\/2022\/05\/TU5LHUCFDZD7FBSTUM2MZ3IBY4-750x508.jpg 750w, https:\/\/notinor.com\/jujuy\/wp-content\/uploads\/2022\/05\/TU5LHUCFDZD7FBSTUM2MZ3IBY4-1140x773.jpg 1140w\" sizes=\"(max-width: 708px) 100vw, 708px\" \/><figcaption>Neymar(c) de Brasil habla con Lionel Messi de Argentina, en un partido de las eliminatorias sudamericanas para el Mundial de Catar 2022.<\/figcaption><\/figure><\/div>\n\n\n\n<p>La\u00a0<strong>Comisi\u00f3n de Apelaciones de la FIFA<\/strong>\u00a0desestim\u00f3 el pedido de la Asociaci\u00f3n de F\u00fatbol Argentino y confirm\u00f3 hoy que el encuentro suspendido entre\u00a0<strong>Brasil y la Selecci\u00f3n Argentina,<\/strong>\u00a0por las Eliminatorias para el Mundial de Qatar 2022,<strong>\u00a0deber\u00e1 jugarse nuevamente<\/strong>. No conformes con esta decisi\u00f3n,<strong>\u00a0la AFA se preparar para elevar su reclamo al TAS<\/strong>, como \u00faltima instancia para revertir la decisi\u00f3n tomada en Zurich.<\/p>\n\n\n\n<p>En febrero,\u00a0la Comisi\u00f3n Disciplinaria de la FIFA hab\u00eda fallado en primera instancia\u00a0obligando a repetir el partido e impartiendo multas econ\u00f3micas para ambas federaciones, as\u00ed como tambi\u00e9n sanci\u00f3n para los cuatro jugadores argentinos que hab\u00edan ingresado desde el Reino Unido, que fue lo que dispar\u00f3 la pol\u00e9mica. Sin embargo,\u00a0<strong>tanto la AFA como con la CBF hab\u00edan apelado\u00a0<\/strong>y casi tres meses despu\u00e9s, sali\u00f3 hoy\u00a0<strong>el fallo de la Comisi\u00f3n de Apelaciones<\/strong>.\u00a0<\/p>\n\n\n\n<p><strong>Los suspendidos ya cumplieron<\/strong>\u00a0sus fechas sin jugar,\u00a0<strong>la FIFA redujo las multas econ\u00f3micas<\/strong>\u00a0para la AFA (de 200 a 100 mil francos suizos) y para la CBF (de 500 a 250 mil francos suizos), pero lo m\u00e1s importante se mantiene:\u00a0<strong>la realizaci\u00f3n del partido<\/strong>\u00a0que el 5 de septiembre de 2021 se suspendi\u00f3 a los pocos minutos de empezar, por decisi\u00f3n de las autoridades sanitarias de Brasil.<\/p>\n\n\n\n<h2>El comunicado completo de la FIFA por el partido entre Brasil y la Selecci\u00f3n Argentina<\/h2>\n\n\n\n<p><em>La Comisi\u00f3n de Apelaci\u00f3n de la FIFA ha fallado sobre los recursos de apelaci\u00f3n que presentaron la Confederaci\u00f3n Brasile\u00f1a de F\u00fatbol (CBF) y la Asociaci\u00f3n del F\u00fatbol Argentino (AFA) contra las decisiones adoptadas por la Comisi\u00f3n Disciplinaria de la FIFA relativas a la suspensi\u00f3n del partido clasificatorio para la Copa Mundial de la FIFA Catar 2022\u2122 disputado entre Brasil y Argentina el 5 de septiembre de 2021.<\/em><\/p>\n\n\n\n<p><em>Despu\u00e9s de analizar la documentaci\u00f3n presentada por ambas partes y tras valorar todos los detalles del caso, la Comisi\u00f3n de Apelaci\u00f3n ha confirmado que el partido se volver\u00e1 a disputar; adem\u00e1s, mantiene la multa de 50.000 CHF impuesta a ambas federaciones a causa de la suspensi\u00f3n.<\/em><\/p>\n\n\n\n<p><em>Por lo que respecta a las carencias mostradas por las partes en relaci\u00f3n con sus responsabilidades u obligaciones derivadas del partido en cuesti\u00f3n, la Comisi\u00f3n de Apelaci\u00f3n ha decidido lo siguiente:<\/em><\/p>\n\n\n\n<ul><li><em>&nbsp; 1. rebajar a 250.000 CHF la multa impuesta a la CBF como consecuencia de las infracciones en materia de orden p\u00fablico y seguridad;<\/em><\/li><li><em>&nbsp; 2. rebajar a 100.000 CHF la multa impuesta a la AFA por haber incumplido sus obligaciones relativas a los preparativos y la participaci\u00f3n en el encuentro.<\/em><\/li><\/ul>\n\n\n\n<p><em>Las decisiones de la Comisi\u00f3n de Apelaci\u00f3n se han notificado hoy a las partes afectadas.<\/em><\/p>\n\n\n\n<h2>La AFA avis\u00f3 que ir\u00e1 al TAS por el fallo del partido entre Brasil y la Selecci\u00f3n Argentina<\/h2>\n\n\n\n<p>En un comunicado emitido hoy, luego de que se diera a conocer la decisi\u00f3n adoptada por la Comisi\u00f3n de apelaciones de la FIFA, la AFA inform\u00f3:<em><strong>&nbsp;\"La Asociaci\u00f3n del F\u00fatbol Argentino solicitar\u00e1 en el d\u00eda de hoy los fundamentos de ambas decisiones y efectuar\u00e1 las apelaciones correspondientes ante el Tribunal Arbitral del Deporte (TAS) a fin de seguir defendiendo los derechos de nuestro seleccionado\".<\/strong><\/em><\/p>\n","protected":false},"excerpt":{"rendered":"<p>La decisi\u00f3n del segundo \u00f3rgano legal de la casa madre del f\u00fatbol mundial no dio lugar al pedido de la Asociaci\u00f3n del F\u00fatbol Argentino, que no piensa bajar los brazos y acudir\u00e1 al TAS. La\u00a0Comisi\u00f3n de Apelaciones de la FIFA\u00a0desestim\u00f3 el pedido de la Asociaci\u00f3n de F\u00fatbol Argentino y confirm\u00f3 hoy que el encuentro suspendido [&hellip;]<\/p>\n","protected":false},"author":37,"featured_media":337697,"comment_status":"open","ping_status":"open","sticky":false,"template":"","format":"standard","meta":{"_stopmodifiedupdate":false,"_modified_date":"","inline_featured_image":false,"spay_email":"","jetpack_publicize_message":""},"categories":[7],"tags":[],"jetpack_featured_media_url":"https:\/\/notinor.com\/jujuy\/wp-content\/uploads\/2022\/05\/TU5LHUCFDZD7FBSTUM2MZ3IBY4-scaled.jpg","jetpack_publicize_connections":[],"_links":{"self":[{"href":"https:\/\/notinor.com\/jujuy\/wp-json\/wp\/v2\/posts\/337696"}],"collection":[{"href":"https:\/\/notinor.com\/jujuy\/wp-json\/wp\/v2\/posts"}],"about":[{"href":"https:\/\/notinor.com\/jujuy\/wp-json\/wp\/v2\/types\/post"}],"author":[{"embeddable":true,"href":"https:\/\/notinor.com\/jujuy\/wp-json\/wp\/v2\/users\/37"}],"replies":[{"embeddable":true,"href":"https:\/\/notinor.com\/jujuy\/wp-json\/wp\/v2\/comments?post=337696"}],"version-history":[{"count":1,"href":"https:\/\/notinor.com\/jujuy\/wp-json\/wp\/v2\/posts\/337696\/revisions"}],"predecessor-version":[{"id":337699,"href":"https:\/\/notinor.com\/jujuy\/wp-json\/wp\/v2\/posts\/337696\/revisions\/337699"}],"wp:featuredmedia":[{"embeddable":true,"href":"https:\/\/notinor.com\/jujuy\/wp-json\/wp\/v2\/media\/337697"}],"wp:attachment":[{"href":"https:\/\/notinor.com\/jujuy\/wp-json\/wp\/v2\/media?parent=337696"}],"wp:term":[{"taxonomy":"category","embeddable":true,"href":"https:\/\/notinor.com\/jujuy\/wp-json\/wp\/v2\/categories?post=337696"},{"taxonomy":"post_tag","embeddable":true,"href":"https:\/\/notinor.com\/jujuy\/wp-json\/wp\/v2\/tags?post=337696"}],"curies":[{"name":"wp","href":"https:\/\/api.w.org\/{rel}","templated":true}]}}