{"id":337693,"date":"2022-05-09T15:40:47","date_gmt":"2022-05-09T18:40:47","guid":{"rendered":"https:\/\/notinor.com\/jujuy\/?p=337693"},"modified":"2022-05-09T15:40:53","modified_gmt":"2022-05-09T18:40:53","slug":"se-confirmo-cuando-se-juegan-los-cuartos-de-final-de-la-copa-liga-profesional","status":"publish","type":"post","link":"https:\/\/notinor.com\/jujuy\/se-confirmo-cuando-se-juegan-los-cuartos-de-final-de-la-copa-liga-profesional\/","title":{"rendered":"Se confirm\u00f3 cu\u00e1ndo se juegan los cuartos de final de la Copa Liga Profesional"},"content":{"rendered":"\n<p>A pesar de los intentos de Defensa y Justicia y la Liga Profesional, la Seguridad no aprob\u00f3 el cambio de fecha y los partidos quedaron para martes y mi\u00e9rcoles.<\/p>\n\n\n\n<div class=\"wp-block-image\"><figure class=\"aligncenter size-large\"><img decoding=\"async\" loading=\"lazy\" width=\"580\" height=\"330\" src=\"https:\/\/notinor.com\/jujuy\/wp-content\/uploads\/2022\/05\/7UZLZQXFUZGPVI5GCMKO4P5JYM.jpg\" alt=\"\" class=\"wp-image-337694\" \/><\/figure><\/div>\n\n\n\n<p>El fin de semana dej\u00f3 a los ocho clasificados confirmados para pelear por el t\u00edtulo de la<strong>\u00a0Copa de la Liga Profesional\u00a0<\/strong>en la segunda etapa del certamen, con\u00a0playoffs a partido \u00fanico y mano a mano,\u00a0pero eso abri\u00f3 la puerta tambi\u00e9n a un\u00a0<strong>problema de calendario.<\/strong>\u00a0Uno m\u00e1s en el f\u00fatbol argentino. De todas maneras, pese a las protestas de\u00a0<strong>Defensa y Justicia<\/strong>,\u00a0\u00a0<strong>sali\u00f3 la\u00a0confirmaci\u00f3n<\/strong>\u00a0de la programaci\u00f3n de los cruces, donde el Halc\u00f3n visitar\u00e1 a\u00a0<strong>Boca, Racing\u00a0<\/strong>recibir\u00e1 a\u00a0<strong>Aldosivi<\/strong>,\u00a0<strong>River\u00a0<\/strong>a\u00a0<strong>Tigre\u00a0<\/strong>y\u00a0<strong>Estudiantes\u00a0<\/strong>a\u00a0<strong>Argentinos Juniors<\/strong>.<\/p>\n\n\n\n<h2>D\u00edas y horarios de los cuartos de final de la Copa Liga Profesional<\/h2>\n\n\n\n<p>MARTES 10 DE MAYO<\/p>\n\n\n\n<ul><li>19:15: Racing vs. Aldosivi, en el Cilindro<\/li><li>21:30: Boca vs. Defensa y Justicia, en la Bombonera<\/li><\/ul>\n\n\n\n<p>MI\u00c9RCOLES 11 DE MAYO<\/p>\n\n\n\n<ul><li>19:15: Estudiantes vs. Argentinos, en UNO<\/li><li>21:30: River vs. Tigre, en el Monumental<\/li><\/ul>\n\n\n\n<h2>Cronolog\u00eda de la decisi\u00f3n de los d\u00edas y horarios de los cuartos de final de la Copa de la Liga Profesional<\/h2>\n\n\n\n<p>Inicialmente,&nbsp;<strong>la idea de la Liga Profesional era jugar dos partidos el martes 10 y dos el mi\u00e9rcoles 11,<\/strong>&nbsp;algo que supuestamente hab\u00eda sido aprobado por todos los clubes en el comienzo del a\u00f1o. Sin embargo,&nbsp;<strong>Defensa y Justicia puso el grito en el cielo&nbsp;<\/strong>tras clasificarse el domingo por la tarde, porque en el borrador figuraba su&nbsp;<strong>visita a Boca<\/strong>&nbsp;el martes a la noche: a&nbsp;<strong>poquito m\u00e1s de 48 horas<\/strong>&nbsp;del final del partido ante Patronato.<\/p>\n\n\n\n<p><em><strong>\"Creo que vamos a tener sentido com\u00fan y jugar el d\u00eda mi\u00e9rcoles.<\/strong>&nbsp;Venimos de jugar cada dos d\u00edas, en Brasil, ahora tambi\u00e9n. Despu\u00e9s de tanto esfuerzo&nbsp;<strong>hay que usar nom\u00e1s el sentido com\u00fan y seguramente jugaremos el mi\u00e9rcoles o jueves\"<\/strong><\/em>, dijo&nbsp;<strong>Sebasti\u00e1n Beccacece&nbsp;<\/strong>ni bien termin\u00f3 el partido a modo de anticipo de lo que iba a ser la postura del Halc\u00f3n un rato m\u00e1s tarde.<\/p>\n\n\n\n<p>En la noche del domingo hubo una\u00a0<strong>reuni\u00f3n virtual entre los ocho clubes<\/strong>\u00a0clasificados con gente de la Liga Profesional y la AFA, en la que despu\u00e9s de discutir un buen rato y con la\u00a0<strong>amenaza de Defensa de no presentarse<\/strong>\u00a0en caso de que lo hicieran jugar el martes, determinaron que<strong>\u00a0los cuatro encuentros se disputasen el mismo mi\u00e9rcoles:<\/strong>\u00a0dos a las 19 y dos a las 21.<\/p>\n\n\n\n<p>Sin embargo, surgi\u00f3 una nueva traba: la seguridad.\u00a0<strong>El Ministerio de Ciudad de Buenos Aires no vio con buenos ojos que River y Boca jueguen el mismo d\u00eda de local<\/strong>\u00a0y de hecho se opuso por completo.<em><strong>\u00a0\"Vamos a mantener la planificaci\u00f3n que tenemos de la Liga de jugar el martes y el mi\u00e9rcoles, ese es el pedido que nosotros tuvimos y vamos a seguir m\u00e1s all\u00e1 de los trascendidos que hemos escuchado\"<\/strong><\/em>, manifest\u00f3\u00a0<strong>Guillermo Madero<\/strong>, encargado de la Seguridad de Ciudad de Buenos Aires, en\u00a0<strong>TyC Sports<\/strong>.<\/p>\n\n\n\n<p><em>\"Primero tenemos que entender que tenemos que brindar seguridad a todos los vecinos de la Ciudad de Buenos Aires.&nbsp;<strong>No queremos poner en riesgo la seguridad de los vecinos por una cuesti\u00f3n muy deportiva y de descanso de un club<\/strong>\",&nbsp;<\/em>agreg\u00f3. Al preguntarle sobre la reuni\u00f3n de los dirigentes del f\u00fatbol este mediod\u00eda reafirm\u00f3:&nbsp;<em><strong>\"Nosotros todav\u00eda no hemos ni recibido el pedido oficial por parte de la Liga, nosotros seguimos trabajando en nuestra planificaci\u00f3n y no vemos ninguna posibilidad de cambio\"<\/strong><\/em>.<\/p>\n\n\n\n<p>Finalmente, y pses a las protestas de\u00a0<strong>Defensa y Justicia<\/strong>, comenzada la tarde del lunes, la\u00a0<strong>Liga Profesional<\/strong>\u00a0comunic\u00f3 los d\u00edas y horarios de manera oficial, como estaban programados inicialmente. Es decir,\u00a0<strong>Racing - Aldosivi y Boca - Defensa el martes, Estudiantes - Argentinos y River - Tigre el mi\u00e9rcoles.<\/strong><\/p>\n\n\n\n<h2>Por qu\u00e9 los cuartos de final de la Copa LPF no se juegan mi\u00e9rcoles y jueves<\/h2>\n\n\n\n<p>La soluci\u00f3n m\u00e1s l\u00f3gica parec\u00eda ser atrasar todo un d\u00eda, pero tambi\u00e9n generaba problemas para lo que viene por la quinta fecha de la&nbsp;<strong>Copa Libertadores.<\/strong>&nbsp;El martes que viene (17 de mayo)&nbsp;<strong>juegan Boca, de local vs. Corinthians, y Estudiantes visitante de Bragantino de Brasil,&nbsp;<\/strong>por lo que no podr\u00edan jugar el domingo una hipot\u00e9tica semifinal: y como van por llaves distintas en el cuadro, las dos semifinales deber\u00edan ser s\u00e1bado y el Xeneize y el Pincha avanzan. Y de ser as\u00ed, no pod\u00edan jugar el partido de cuartos el jueves, porque ser\u00eda solo a 48 horas de la semifinal.<\/p>\n\n\n\n<h2>El enojo de Gallardo por la falta de programaci\u00f3n en los cuartos de final de la Copa Liga Profesional<\/h2>\n\n\n\n<p><em>\"<strong>Deber\u00eda ya estar definido&nbsp;<\/strong>como se va a jugar estos pr\u00f3ximos d\u00edas, para hacerlo prolijo. Porque estuvo bien, estos formatos pasajeros est\u00e1n bien para un momento, pero<strong>&nbsp;hay que darle un poco de orden, porque si no seguimos viendo de que manera vamos acomodando la cosa<\/strong>\"<\/em>, manifest\u00f3 ayer el Mu\u00f1eco en conferencia de prensa.<\/p>\n\n\n\n<p>Pero no termin\u00f3 ah\u00ed y fue m\u00e1s duro con sus palabras:<em>&nbsp;\"No tenemos ninguna precisi\u00f3n de cuando jugamos, al d\u00eda de hoy y&nbsp;<strong>son las doce de la noche, ya se deber\u00eda saber,&nbsp;<\/strong>en un contexto normal se deber\u00eda saber 'che, jugamos tal d\u00eda a tal hora' y todav\u00eda est\u00e1 por verse, \u00bfno?.<strong>&nbsp;Esto en cosas serias no deber\u00eda pasar, ya deber\u00eda estar definido\"<\/strong>.<\/em><\/p>\n\n\n\n<p><strong>\u00a1Viv\u00ed toda la Liga Profesional de F\u00fatbol por TyCSports.com!<\/strong>\u00a0<strong>Segu\u00ed on line\u00a0<\/strong>todos los partidos de la\u00a0<strong>Liga Profesional de F\u00fatbol<\/strong>\u00a0con los\u00a0<strong>resultados minuto a minuto<\/strong>, enterate los\u00a0<strong>pr\u00f3ximos partidos\u00a0<\/strong>y las noticias m\u00e1s importantes sobre el f\u00fatbol de la primera divisi\u00f3n de Argentina. Registrate gratis,\u00a0indic\u00e1 tus preferencias\u00a0(de qu\u00e9 club sos hincha) para recibir notificaciones o bajate nuestra APP (disponible en\u00a0<strong>Android<\/strong>\u00a0&amp;\u00a0<strong>iOS<\/strong>) y \u00a1no te pierdas nada de la\u00a0<strong>Liga Profesional de F\u00fatbol<\/strong>!<\/p>\n","protected":false},"excerpt":{"rendered":"<p>A pesar de los intentos de Defensa y Justicia y la Liga Profesional, la Seguridad no aprob\u00f3 el cambio de fecha y los partidos quedaron para martes y mi\u00e9rcoles. El fin de semana dej\u00f3 a los ocho clasificados confirmados para pelear por el t\u00edtulo de la\u00a0Copa de la Liga Profesional\u00a0en la segunda etapa del certamen, [&hellip;]<\/p>\n","protected":false},"author":37,"featured_media":337694,"comment_status":"open","ping_status":"open","sticky":false,"template":"","format":"standard","meta":{"_stopmodifiedupdate":false,"_modified_date":"","inline_featured_image":false,"spay_email":"","jetpack_publicize_message":""},"categories":[7],"tags":[],"jetpack_featured_media_url":"https:\/\/notinor.com\/jujuy\/wp-content\/uploads\/2022\/05\/7UZLZQXFUZGPVI5GCMKO4P5JYM.jpg","jetpack_publicize_connections":[],"_links":{"self":[{"href":"https:\/\/notinor.com\/jujuy\/wp-json\/wp\/v2\/posts\/337693"}],"collection":[{"href":"https:\/\/notinor.com\/jujuy\/wp-json\/wp\/v2\/posts"}],"about":[{"href":"https:\/\/notinor.com\/jujuy\/wp-json\/wp\/v2\/types\/post"}],"author":[{"embeddable":true,"href":"https:\/\/notinor.com\/jujuy\/wp-json\/wp\/v2\/users\/37"}],"replies":[{"embeddable":true,"href":"https:\/\/notinor.com\/jujuy\/wp-json\/wp\/v2\/comments?post=337693"}],"version-history":[{"count":1,"href":"https:\/\/notinor.com\/jujuy\/wp-json\/wp\/v2\/posts\/337693\/revisions"}],"predecessor-version":[{"id":337695,"href":"https:\/\/notinor.com\/jujuy\/wp-json\/wp\/v2\/posts\/337693\/revisions\/337695"}],"wp:featuredmedia":[{"embeddable":true,"href":"https:\/\/notinor.com\/jujuy\/wp-json\/wp\/v2\/media\/337694"}],"wp:attachment":[{"href":"https:\/\/notinor.com\/jujuy\/wp-json\/wp\/v2\/media?parent=337693"}],"wp:term":[{"taxonomy":"category","embeddable":true,"href":"https:\/\/notinor.com\/jujuy\/wp-json\/wp\/v2\/categories?post=337693"},{"taxonomy":"post_tag","embeddable":true,"href":"https:\/\/notinor.com\/jujuy\/wp-json\/wp\/v2\/tags?post=337693"}],"curies":[{"name":"wp","href":"https:\/\/api.w.org\/{rel}","templated":true}]}}