{"id":337680,"date":"2022-05-09T14:36:23","date_gmt":"2022-05-09T17:36:23","guid":{"rendered":"https:\/\/notinor.com\/jujuy\/?p=337680"},"modified":"2022-05-09T14:36:28","modified_gmt":"2022-05-09T17:36:28","slug":"asi-fue-la-visita-de-gime-accardi-nico-vazquez-y-benja-rojas","status":"publish","type":"post","link":"https:\/\/notinor.com\/jujuy\/asi-fue-la-visita-de-gime-accardi-nico-vazquez-y-benja-rojas\/","title":{"rendered":"As\u00ed fue la visita de Gime Accardi, Nico V\u00e1zquez y Benja Rojas"},"content":{"rendered":"\n<p><em>Los actores de \u201cUna semana nada m\u00e1s\u201d disfrutaron los paisajes y celebraron un proyecto de Fundaci\u00f3n S\u00ed destinado a j\u00f3venes egresados de secundarios rurales<\/em>.<\/p>\n\n\n\n<div class=\"wp-block-image\"><figure class=\"aligncenter size-large\"><img decoding=\"async\" loading=\"lazy\" width=\"640\" height=\"480\" src=\"https:\/\/notinor.com\/jujuy\/wp-content\/uploads\/2022\/05\/1651968064252f768x1-59890_60017_5050-640x480.jpg\" alt=\"\" class=\"wp-image-337681\" srcset=\"https:\/\/notinor.com\/jujuy\/wp-content\/uploads\/2022\/05\/1651968064252f768x1-59890_60017_5050-640x480.jpg 640w, https:\/\/notinor.com\/jujuy\/wp-content\/uploads\/2022\/05\/1651968064252f768x1-59890_60017_5050-487x365.jpg 487w, https:\/\/notinor.com\/jujuy\/wp-content\/uploads\/2022\/05\/1651968064252f768x1-59890_60017_5050-768x576.jpg 768w, https:\/\/notinor.com\/jujuy\/wp-content\/uploads\/2022\/05\/1651968064252f768x1-59890_60017_5050-750x563.jpg 750w, https:\/\/notinor.com\/jujuy\/wp-content\/uploads\/2022\/05\/1651968064252f768x1-59890_60017_5050.jpg 1024w\" sizes=\"(max-width: 640px) 100vw, 640px\" \/><\/figure><\/div>\n\n\n\n<p><strong>Gime Accardi,<\/strong>\u00a0<strong>Nico V\u00e1zquez<\/strong> y <strong>Benjam\u00edn Rojas<\/strong>\u00a0visitaron Jujuy con la obra \"Una semana nada m\u00e1s\" y aprovecharon para recorrer los paisajes m\u00e1s lindos de la provincia y asistieron a la inauguraci\u00f3n de una residencia universitaria que la Fundaci\u00f3n S\u00ed cre\u00f3 en la provincia.<\/p>\n\n\n\n<p>\"<strong>Enamorados de Jujuy y su gente hermosa. Gracias por el amor<\/strong>\", expres\u00f3 Gimena en su cuenta de Instagram junto a algunas postales de Purmamarca.<\/p>\n\n\n\n<div class=\"wp-block-image\"><figure class=\"aligncenter\"><img decoding=\"async\" src=\"https:\/\/www.parati.com.ar\/wp-content\/uploads\/2022\/05\/279917956_102863802405950_7725658943507373075_n-740x925.jpg.webp\" alt=\"\" \/><\/figure><\/div>\n\n\n\n<div class=\"wp-block-image\"><figure class=\"aligncenter\"><img decoding=\"async\" src=\"https:\/\/www.parati.com.ar\/wp-content\/uploads\/2022\/05\/280139422_532986071674044_5328173292746352941_n-740x1315.jpg.webp\" alt=\"\" \/><\/figure><\/div>\n\n\n\n<p>\"<strong>Nueva residencia en Jujuy para que nuevos estudiantes puedan vivir ac\u00e1 y estar cerca de sus universidades<\/strong>. Gracias @sifundacion por permitirnos ser parte de este proyecto, acercando posibilidades a los que no las tienen\", escribi\u00f3 Accardi en otra de sus historias que muestran su visita al lugar, donde adem\u00e1s explic\u00f3 un poco m\u00e1s de qu\u00e9 se trata este proyecto, que incluye a todo el pa\u00eds.<\/p>\n\n\n\n<div class=\"wp-block-image\"><figure class=\"aligncenter\"><img decoding=\"async\" src=\"https:\/\/tn.com.ar\/resizer\/r1PVV1GltLAIGczyi-lc4LZXt0M=\/767x0\/smart\/filters:quality(60)\/cloudfront-us-east-1.images.arcpublishing.com\/artear\/HVFCTBYHYRFPNGV44UHGW4QQGE.jpg\" alt=\"Los actores posaron junto a los chicos de la Residencia Universitaria (Foto: Prensa)\" \/><\/figure><\/div>\n\n\n\n<p>Por su parte, Nico comparti\u00f3 en sus redes otro video de la experiencia que vivieron y cont\u00f3 por qu\u00e9 le gusta tanto esta iniciativa de la Fundaci\u00f3n S\u00ed: \"<strong>Segunda residencia que me toca presenciar la inauguraci\u00f3n con todos sus estudiantes<\/strong>. Para m\u00ed, este proyecto de Residencias Universitarias\u00a0<strong>es el que m\u00e1s me gusta porque est\u00e1 destinado a j\u00f3venes egresados de secundarios rurales<\/strong>\u00a0o alejados de los centros urbanos donde se concentra la oferta educativa terciaria y universitaria que, teniendo la intenci\u00f3n y el deseo de progresar estudiando, no cuentan con los recursos materiales\".<\/p>\n\n\n\n<p>En ese sentido, V\u00e1zquez detall\u00f3 que \"desde lo material,\u00a0<strong>el proyecto consiste en brindar alojamiento, alimentos, ayuda econ\u00f3mica para la adquisici\u00f3n de elementos de estudio y vi\u00e1ticos a j\u00f3venes de localidades rurales con escasos recursos<\/strong>, as\u00ed como tambi\u00e9n asistencia m\u00e9dica, psicol\u00f3gica, psicopedag\u00f3gica y de apoyo a quienes lo necesiten\".<\/p>\n","protected":false},"excerpt":{"rendered":"<p>Los actores de \u201cUna semana nada m\u00e1s\u201d disfrutaron los paisajes y celebraron un proyecto de Fundaci\u00f3n S\u00ed destinado a j\u00f3venes egresados de secundarios rurales. Gime Accardi,\u00a0Nico V\u00e1zquez y Benjam\u00edn Rojas\u00a0visitaron Jujuy con la obra \"Una semana nada m\u00e1s\" y aprovecharon para recorrer los paisajes m\u00e1s lindos de la provincia y asistieron a la inauguraci\u00f3n de [&hellip;]<\/p>\n","protected":false},"author":37,"featured_media":337681,"comment_status":"open","ping_status":"open","sticky":false,"template":"","format":"standard","meta":{"_stopmodifiedupdate":false,"_modified_date":"","inline_featured_image":false,"spay_email":"","jetpack_publicize_message":""},"categories":[21],"tags":[],"jetpack_featured_media_url":"https:\/\/notinor.com\/jujuy\/wp-content\/uploads\/2022\/05\/1651968064252f768x1-59890_60017_5050.jpg","jetpack_publicize_connections":[],"_links":{"self":[{"href":"https:\/\/notinor.com\/jujuy\/wp-json\/wp\/v2\/posts\/337680"}],"collection":[{"href":"https:\/\/notinor.com\/jujuy\/wp-json\/wp\/v2\/posts"}],"about":[{"href":"https:\/\/notinor.com\/jujuy\/wp-json\/wp\/v2\/types\/post"}],"author":[{"embeddable":true,"href":"https:\/\/notinor.com\/jujuy\/wp-json\/wp\/v2\/users\/37"}],"replies":[{"embeddable":true,"href":"https:\/\/notinor.com\/jujuy\/wp-json\/wp\/v2\/comments?post=337680"}],"version-history":[{"count":1,"href":"https:\/\/notinor.com\/jujuy\/wp-json\/wp\/v2\/posts\/337680\/revisions"}],"predecessor-version":[{"id":337682,"href":"https:\/\/notinor.com\/jujuy\/wp-json\/wp\/v2\/posts\/337680\/revisions\/337682"}],"wp:featuredmedia":[{"embeddable":true,"href":"https:\/\/notinor.com\/jujuy\/wp-json\/wp\/v2\/media\/337681"}],"wp:attachment":[{"href":"https:\/\/notinor.com\/jujuy\/wp-json\/wp\/v2\/media?parent=337680"}],"wp:term":[{"taxonomy":"category","embeddable":true,"href":"https:\/\/notinor.com\/jujuy\/wp-json\/wp\/v2\/categories?post=337680"},{"taxonomy":"post_tag","embeddable":true,"href":"https:\/\/notinor.com\/jujuy\/wp-json\/wp\/v2\/tags?post=337680"}],"curies":[{"name":"wp","href":"https:\/\/api.w.org\/{rel}","templated":true}]}}