{"id":337673,"date":"2022-05-09T11:35:55","date_gmt":"2022-05-09T14:35:55","guid":{"rendered":"https:\/\/notinor.com\/jujuy\/?p=337673"},"modified":"2022-05-09T11:36:00","modified_gmt":"2022-05-09T14:36:00","slug":"tini-protagonista-de-una-publicacion-de-justin-bieber","status":"publish","type":"post","link":"https:\/\/notinor.com\/jujuy\/tini-protagonista-de-una-publicacion-de-justin-bieber\/","title":{"rendered":"Tini, protagonista de una publicaci\u00f3n de Justin Bieber"},"content":{"rendered":"\n<p>Mientras Tini Stoessel disfruta del \u00e9xito de su nuevo tema \u2018La Triple T\u2019, el artista canadiense Justin Bieber comparti\u00f3 un video en redes sociales donde se ve a la argentina bailando una de sus canciones m\u00e1s populares.<\/p>\n\n\n\n<figure class=\"wp-block-image is-resized\"><img decoding=\"async\" loading=\"lazy\" src=\"https:\/\/fotos.perfil.com\/\/2022\/05\/05\/900\/0\/tini-stoessel-adelanto-su-nuevo-tema-y-causo-revuelo-por-la-letra-1352177.jpg\" alt=\"Tini Stoessel adelant\u00f3 su nuevo tema y caus\u00f3 revuelo por la letra\" width=\"1158\" height=\"713\"\/><\/figure>\n\n\n\n<p>En la publicaci\u00f3n de Bieber, en la que tambi\u00e9n se encuentra arrobado el productor argentino Bizarrap, la ex Violetta baila al ritmo de \u2018Baby\u2019 con un vaso de cerveza en la mano.<\/p>\n\n\n\n<p>La \u00eddola pop luce una gorra negra con el pelo suelto, top negro y un jean.<\/p>\n\n\n\n<p>Cuando Tini vio que la historia de su artista favorito la ten\u00eda como protagonista, comparti\u00f3 el video y escribi\u00f3 \u201cKeeee\u201d en su publicaci\u00f3n.<\/p>\n\n\n\n<p>El video es del \u00faltimo show que dio Bieber en Argentina, en marzo del a\u00f1o 2021. El cantante tiene previsto dos conciertos en nuestro pa\u00eds, el 10 y 11 de septiembre, en el Estadio \u00danico de La Plata.<\/p>\n\n\n\n<p>En la publicaci\u00f3n, que tambi\u00e9n se encuentra arrobado el productor argentino Bizarrap, la ex Violetta baila al ritmo de \"Baby\" con un vaso de cerveza en la mano. La diosa luce una gorra negra con el pelo suelto, top negro y un jean.<\/p>\n\n\n\n<figure class=\"wp-block-image\"><img decoding=\"async\" src=\"https:\/\/fotos.perfil.com\/\/2022\/05\/08\/900\/0\/tini-stoessel-la-protagonista-de-un-video-de-justin-bieber-1353412.jpg\" alt=\"Tini Stoessel, la protagonista de un video de Justin Bieber\"\/><figcaption>TINI STOESSEL, LA PROTAGONISTA DE UN VIDEO DE JUSTIN BIEBER<\/figcaption><\/figure>\n\n\n\n<p>Cuando Tini vio la historia de su artista favorito, comparti\u00f3 el video y escribi\u00f3 \"KEEEE\" en su publicaci\u00f3n. El video es del \u00faltimo show que dio el canadiense en Argentina, en marzo del a\u00f1o 2021.<\/p>\n\n\n\n<p><strong>\u00a1Mir\u00e1 el video!<\/strong><\/p>\n\n\n\n<figure><iframe loading=\"lazy\" src=\"https:\/\/rudo.video\/vod\/bNNILe\" width=\"100%\" height=\"100%\" allowfullscreen=\"true\"><\/iframe><\/figure>\n","protected":false},"excerpt":{"rendered":"<p>Mientras Tini Stoessel disfruta del \u00e9xito de su nuevo tema \u2018La Triple T\u2019, el artista canadiense Justin Bieber comparti\u00f3 un video en redes sociales donde se ve a la argentina bailando una de sus canciones m\u00e1s populares. En la publicaci\u00f3n de Bieber, en la que tambi\u00e9n se encuentra arrobado el productor argentino Bizarrap, la ex [&hellip;]<\/p>\n","protected":false},"author":40,"featured_media":337674,"comment_status":"open","ping_status":"open","sticky":false,"template":"","format":"standard","meta":{"_stopmodifiedupdate":false,"_modified_date":"","inline_featured_image":false,"spay_email":"","jetpack_publicize_message":""},"categories":[21],"tags":[],"jetpack_featured_media_url":"https:\/\/notinor.com\/jujuy\/wp-content\/uploads\/2022\/05\/tini-stoessel-adelanto-su-nuevo-tema-y-causo-revuelo-por-la-letra-1352177.jpg","jetpack_publicize_connections":[],"_links":{"self":[{"href":"https:\/\/notinor.com\/jujuy\/wp-json\/wp\/v2\/posts\/337673"}],"collection":[{"href":"https:\/\/notinor.com\/jujuy\/wp-json\/wp\/v2\/posts"}],"about":[{"href":"https:\/\/notinor.com\/jujuy\/wp-json\/wp\/v2\/types\/post"}],"author":[{"embeddable":true,"href":"https:\/\/notinor.com\/jujuy\/wp-json\/wp\/v2\/users\/40"}],"replies":[{"embeddable":true,"href":"https:\/\/notinor.com\/jujuy\/wp-json\/wp\/v2\/comments?post=337673"}],"version-history":[{"count":1,"href":"https:\/\/notinor.com\/jujuy\/wp-json\/wp\/v2\/posts\/337673\/revisions"}],"predecessor-version":[{"id":337675,"href":"https:\/\/notinor.com\/jujuy\/wp-json\/wp\/v2\/posts\/337673\/revisions\/337675"}],"wp:featuredmedia":[{"embeddable":true,"href":"https:\/\/notinor.com\/jujuy\/wp-json\/wp\/v2\/media\/337674"}],"wp:attachment":[{"href":"https:\/\/notinor.com\/jujuy\/wp-json\/wp\/v2\/media?parent=337673"}],"wp:term":[{"taxonomy":"category","embeddable":true,"href":"https:\/\/notinor.com\/jujuy\/wp-json\/wp\/v2\/categories?post=337673"},{"taxonomy":"post_tag","embeddable":true,"href":"https:\/\/notinor.com\/jujuy\/wp-json\/wp\/v2\/tags?post=337673"}],"curies":[{"name":"wp","href":"https:\/\/api.w.org\/{rel}","templated":true}]}}