{"id":336735,"date":"2022-05-01T22:17:00","date_gmt":"2022-05-02T01:17:00","guid":{"rendered":"https:\/\/notinor.com\/jujuy\/?p=336735"},"modified":"2022-05-02T10:25:41","modified_gmt":"2022-05-02T13:25:41","slug":"gran-cierre-de-san-salvador-moda-2022","status":"publish","type":"post","link":"https:\/\/notinor.com\/jujuy\/gran-cierre-de-san-salvador-moda-2022\/","title":{"rendered":"Gran cierre de San Salvador Moda 2022"},"content":{"rendered":"\n<p>Culmin\u00f3 el evento denominado \u201cSan Salvador Moda 2022\u201d, organizado por la Municipalidad de San Salvador de Jujuy a trav\u00e9s de la Secretar\u00eda de Planificaci\u00f3n y Ambiente y el Club de Emprendedores, luego de una semana de intensas actividades que incluyeron, conferencias exposiciones y capacitaciones para m\u00e1s de 120 emprendedores inscriptos, con cierre de broche de oro con el desfile de modas que se llev\u00f3 a cabo este viernes 29 desde las 19<\/p>\n\n\n\n<div class=\"wp-block-image\"><figure class=\"aligncenter size-large is-resized\"><img decoding=\"async\" loading=\"lazy\" src=\"https:\/\/notinor.com\/jujuy\/wp-content\/uploads\/2022\/05\/moda-1-721x480.jpg\" alt=\"\" class=\"wp-image-336737\" width=\"498\" height=\"331\" srcset=\"https:\/\/notinor.com\/jujuy\/wp-content\/uploads\/2022\/05\/moda-1-721x480.jpg 721w, https:\/\/notinor.com\/jujuy\/wp-content\/uploads\/2022\/05\/moda-1-548x365.jpg 548w, https:\/\/notinor.com\/jujuy\/wp-content\/uploads\/2022\/05\/moda-1-768x512.jpg 768w, https:\/\/notinor.com\/jujuy\/wp-content\/uploads\/2022\/05\/moda-1-750x500.jpg 750w, https:\/\/notinor.com\/jujuy\/wp-content\/uploads\/2022\/05\/moda-1.jpg 1024w\" sizes=\"(max-width: 498px) 100vw, 498px\" \/><\/figure><\/div>\n\n\n\n<p>La secretaria de Planificaci\u00f3n y Ambiente, Adriana D\u00edaz, realiz\u00f3 un positivo balance de lo que fue este in\u00e9dito evento:\u00a0 \u201cestamos cerrando una semana de mucho trabajo y actividades de lo que fue una gran experiencia, cerramos con broche de oro con un desfile con la presencia de dise\u00f1adores juje\u00f1os;\u00a0lo importante para nosotros era comenzar a generar estas redes y ecosistemas de emprendedurismo, en este caso relacionado con la moda y el dise\u00f1o\u201d, y enfatiz\u00f3, \u201cpara nosotros fue una nueva experiencia en la que hemos aprendido mucho,\u00a0hemos logrado generar estas redes, pero sobre todo hablar sobre actividades con triple impacto, hablar sobre reciclaje y sustentabilidad,\u00a0temas que creemos que hay que instalarlos en la agenda de todas las actividades dentro del grupo\u201d.<\/p>\n\n\n\n<p>La directora del Club de Emprendedores, Jimena Jurado, evalu\u00f3, \u201cmuy contenta porque se sumaron muchos dise\u00f1adores, apunt\u00e1bamos a que se arme este nuevo ecosistema y contactarlos entre ellos para que puedan conocerse y retroalimentarse\u201d, y subray\u00f3,\u00a0\u201ccumplimos el objetivo y nos interesa que se sigan sumando y sigamos creciendo, que los emprendimientos sigan siendo de impacto y que la comunidad juje\u00f1a sepa que hay emprendedores en Jujuy que se dedican a la moda\u201d.<\/p>\n\n\n\n<p>El director ejecutivo de Jujuy Models, C\u00e9sar Mart\u00ednez, que puso su staff de modelos para una exhibici\u00f3n de lujo como cierre de la experiencia \u201cSan Salvador Moda\u201d, agradeci\u00f3 al Club de Emprendedores por la novedosa iniciativa y consider\u00f3, \u201cpara nosotros\u00a0fue muy positivo participar, junto con nuestros dise\u00f1adores y emprendedores, con nuestro grupo de 14 chicas y 3 varones que mostraron todo el trabajo de estos dise\u00f1adores realizan para nuestra provincia, para el pa\u00eds y el mundo\u201d, y a\u00f1adi\u00f3, \u201ctodos los dise\u00f1os son impresionantes y es muy positivo darlos a conocer en este tipo de eventos\u201c.<\/p>\n\n\n\n<div class=\"wp-block-image\"><figure class=\"aligncenter size-large is-resized\"><img decoding=\"async\" loading=\"lazy\" src=\"https:\/\/notinor.com\/jujuy\/wp-content\/uploads\/2022\/05\/moda-2-721x480.jpg\" alt=\"\" class=\"wp-image-336738\" width=\"472\" height=\"314\" srcset=\"https:\/\/notinor.com\/jujuy\/wp-content\/uploads\/2022\/05\/moda-2-721x480.jpg 721w, https:\/\/notinor.com\/jujuy\/wp-content\/uploads\/2022\/05\/moda-2-548x365.jpg 548w, https:\/\/notinor.com\/jujuy\/wp-content\/uploads\/2022\/05\/moda-2-768x512.jpg 768w, https:\/\/notinor.com\/jujuy\/wp-content\/uploads\/2022\/05\/moda-2-750x500.jpg 750w, https:\/\/notinor.com\/jujuy\/wp-content\/uploads\/2022\/05\/moda-2.jpg 1024w\" sizes=\"(max-width: 472px) 100vw, 472px\" \/><\/figure><\/div>\n","protected":false},"excerpt":{"rendered":"<p>Culmin\u00f3 el evento denominado \u201cSan Salvador Moda 2022\u201d, organizado por la Municipalidad de San Salvador de Jujuy a trav\u00e9s de la Secretar\u00eda de Planificaci\u00f3n y Ambiente y el Club de Emprendedores, luego de una semana de intensas actividades que incluyeron, conferencias exposiciones y capacitaciones para m\u00e1s de 120 emprendedores inscriptos, con cierre de broche de [&hellip;]<\/p>\n","protected":false},"author":5,"featured_media":336736,"comment_status":"open","ping_status":"open","sticky":false,"template":"","format":"standard","meta":{"_stopmodifiedupdate":false,"_modified_date":"","inline_featured_image":false,"spay_email":"","jetpack_publicize_message":""},"categories":[13],"tags":[],"jetpack_featured_media_url":"https:\/\/notinor.com\/jujuy\/wp-content\/uploads\/2022\/05\/moda.jpg","jetpack_publicize_connections":[],"_links":{"self":[{"href":"https:\/\/notinor.com\/jujuy\/wp-json\/wp\/v2\/posts\/336735"}],"collection":[{"href":"https:\/\/notinor.com\/jujuy\/wp-json\/wp\/v2\/posts"}],"about":[{"href":"https:\/\/notinor.com\/jujuy\/wp-json\/wp\/v2\/types\/post"}],"author":[{"embeddable":true,"href":"https:\/\/notinor.com\/jujuy\/wp-json\/wp\/v2\/users\/5"}],"replies":[{"embeddable":true,"href":"https:\/\/notinor.com\/jujuy\/wp-json\/wp\/v2\/comments?post=336735"}],"version-history":[{"count":1,"href":"https:\/\/notinor.com\/jujuy\/wp-json\/wp\/v2\/posts\/336735\/revisions"}],"predecessor-version":[{"id":336741,"href":"https:\/\/notinor.com\/jujuy\/wp-json\/wp\/v2\/posts\/336735\/revisions\/336741"}],"wp:featuredmedia":[{"embeddable":true,"href":"https:\/\/notinor.com\/jujuy\/wp-json\/wp\/v2\/media\/336736"}],"wp:attachment":[{"href":"https:\/\/notinor.com\/jujuy\/wp-json\/wp\/v2\/media?parent=336735"}],"wp:term":[{"taxonomy":"category","embeddable":true,"href":"https:\/\/notinor.com\/jujuy\/wp-json\/wp\/v2\/categories?post=336735"},{"taxonomy":"post_tag","embeddable":true,"href":"https:\/\/notinor.com\/jujuy\/wp-json\/wp\/v2\/tags?post=336735"}],"curies":[{"name":"wp","href":"https:\/\/api.w.org\/{rel}","templated":true}]}}