{"id":336639,"date":"2022-05-02T07:00:00","date_gmt":"2022-05-02T10:00:00","guid":{"rendered":"https:\/\/notinor.com\/jujuy\/?p=336639"},"modified":"2022-05-02T11:48:51","modified_gmt":"2022-05-02T14:48:51","slug":"desde-hoy-aumenta-el-boleto-del-transporte-urbano","status":"publish","type":"post","link":"https:\/\/notinor.com\/jujuy\/desde-hoy-aumenta-el-boleto-del-transporte-urbano\/","title":{"rendered":"Desde hoy aumenta el boleto del transporte urbano"},"content":{"rendered":"\n<p>Luego de una semana agitada con una jornada de protesta de la UTA, el anuncio de la suba del boleto, sumado al feriado por el D\u00eda del Trabajador, los colectivos retomaron hoy sus recorridos habituales.<\/p>\n\n\n\n<figure class=\"wp-block-image\"><img decoding=\"async\" src=\"http:\/\/elexpresodejujuy.com.ar\/download\/multimedia.normal.b298c69a4ca62501.636f6c65637469766f207061726f5f6e6f726d616c2e6a7067.jpg\" alt=\"SE AGUDIZA EL PARO DE COLECTIVOS\"\/><\/figure>\n\n\n\n<p>Desde hoy este lunes entra en vigencia la nueva tarifa del servicio urbano de pasajeros de $53,44.Cabe recordar que este es el primer incremento del a\u00f1o, es as\u00ed que de $44,92 el usuario deber\u00e1 pagar $53,44, desde el 2 de mayo.<\/p>\n\n\n\n<p>El monto que qued\u00f3 establecido para la&nbsp;<strong>capital juje\u00f1a<\/strong>&nbsp;y que es tambi\u00e9n para todos los&nbsp;<strong>barrios perif\u00e9ricos,<\/strong>&nbsp;alcanza los&nbsp;<strong>$53,44<\/strong>. La suba se da luego de que d\u00edas el Concejo Deliberante tomara conocimiento del aumento del precio del boleto.<\/p>\n\n\n\n<h2>Desde hoy impact\u00f3 en las m\u00e1quinas de SUBE<\/h2>\n\n\n\n<p>El secretario de Servicios P\u00fablicos de la Municipalidad de San Salvador de Jujuy, explic\u00f3 que el viernes se recibi\u00f3 la notificaci\u00f3n por parte de Naci\u00f3n sobre el impacto del incremento que se hab\u00eda anunciado. \"El impacto en las m\u00e1quinas de la SUBE de las distintas empresas ser\u00e1 desde el 2 de mayo desde las 00 horas\", acot\u00f3 Guillermo Marenco horas atr\u00e1s.<\/p>\n\n\n\n<h2>\u00bfCu\u00e1nto cuesta viajar?<\/h2>\n\n\n\n<p><strong>San Salvador de Jujuy:<\/strong>&nbsp;$53,44<\/p>\n\n\n\n<p><strong>Reyes:<\/strong>&nbsp;$53,44<\/p>\n\n\n\n<p>Guerrero: $61,46<\/p>\n\n\n\n<p><strong>San Pablo de Reyes:<\/strong>&nbsp;$61,46<\/p>\n\n\n\n<p><strong>Termas de Reyes:<\/strong>&nbsp;$69,47<\/p>\n\n\n\n<p>Yala: $69,47<\/p>\n\n\n\n<p><strong>Los Nogales:<\/strong>&nbsp;$77,49<\/p>\n\n\n\n<p><strong>Lozano:<\/strong>&nbsp;$77,49<\/p>\n\n\n\n<p><strong>Le\u00f3n:&nbsp;<\/strong>$85,48<\/p>\n\n\n\n<h3><strong>Modificaci\u00f3n en el recorrido de las l\u00edneas 33 y 46 de la empresa Uni\u00f3n Bus<\/strong><\/h3>\n\n\n\n<p>La&nbsp;<strong>l\u00ednea 33<\/strong>&nbsp;que&nbsp; hace el recorrido desde el barrio Los Perales hacia la Nueva Terminal de Omnibus tendr\u00e1 su&nbsp;<strong>recorrido de ida<\/strong>: desde Los Perales hasta Av. El \u00c9xodo&nbsp; ser\u00e1 el habitual modificando al llegar a Av. Pueyrred\u00f3n, Av. Presidente Per\u00f3n, Rio Bamba, Av. Gral. Savio, Ruta &nbsp;66, y acceso Nueva Terminal.<\/p>\n\n\n\n<p>En tanto el&nbsp;<strong>recorrido de vuelta<\/strong>&nbsp;desde Nueva Terminal, Ruta 9, Av. Savio, Riobamba, Pte. Per\u00f3n, Av. Pueyrred\u00f3n y recorrido habitual.<\/p>\n\n\n\n<p>Por otro lado, la&nbsp;<strong>l\u00ednea 46<\/strong>&nbsp;que va desde el&nbsp; barrio Ciudad de Nieva hasta el barrio Cnel. Arias, har\u00e1 su&nbsp;<strong>recorrido de ida<\/strong>&nbsp;desde Ciudad de Nieva hasta Riobamba, de manera habitual, modificando por detr\u00e1s del S\u00faper Mercado, calle Sin Nombre, Colectora H\u00fasares, Av. Riobamba, Rotonda, Colectora Acceso Sur las Lomas, Papa Francisco, Felipe Bauchez, Rutal 9, Colectora Ruta 66 Sur y acceso Nueva Terminal.<\/p>\n\n\n\n<p>En tanto el&nbsp;<strong>recorrido de vuelta<\/strong>&nbsp;por&nbsp; Nueva Terminal, Ruta 9, Vilcapugio,&nbsp; Guayaquil, Monteagudo, Riobamba, Presidente Per\u00f3n hacia su recorrido habitual.<\/p>\n","protected":false},"excerpt":{"rendered":"<p>Luego de una semana agitada con una jornada de protesta de la UTA, el anuncio de la suba del boleto, sumado al feriado por el D\u00eda del Trabajador, los colectivos retomaron hoy sus recorridos habituales. Desde hoy este lunes entra en vigencia la nueva tarifa del servicio urbano de pasajeros de $53,44.Cabe recordar que este [&hellip;]<\/p>\n","protected":false},"author":40,"featured_media":336640,"comment_status":"open","ping_status":"open","sticky":false,"template":"","format":"standard","meta":{"_stopmodifiedupdate":false,"_modified_date":"","inline_featured_image":false,"spay_email":"","jetpack_publicize_message":""},"categories":[2],"tags":[],"jetpack_featured_media_url":"https:\/\/notinor.com\/jujuy\/wp-content\/uploads\/2022\/05\/multimedia.normal.b298c69a4ca62501.636f6c65637469766f207061726f5f6e6f726d616c2e6a7067-1.jpg","jetpack_publicize_connections":[],"_links":{"self":[{"href":"https:\/\/notinor.com\/jujuy\/wp-json\/wp\/v2\/posts\/336639"}],"collection":[{"href":"https:\/\/notinor.com\/jujuy\/wp-json\/wp\/v2\/posts"}],"about":[{"href":"https:\/\/notinor.com\/jujuy\/wp-json\/wp\/v2\/types\/post"}],"author":[{"embeddable":true,"href":"https:\/\/notinor.com\/jujuy\/wp-json\/wp\/v2\/users\/40"}],"replies":[{"embeddable":true,"href":"https:\/\/notinor.com\/jujuy\/wp-json\/wp\/v2\/comments?post=336639"}],"version-history":[{"count":2,"href":"https:\/\/notinor.com\/jujuy\/wp-json\/wp\/v2\/posts\/336639\/revisions"}],"predecessor-version":[{"id":336777,"href":"https:\/\/notinor.com\/jujuy\/wp-json\/wp\/v2\/posts\/336639\/revisions\/336777"}],"wp:featuredmedia":[{"embeddable":true,"href":"https:\/\/notinor.com\/jujuy\/wp-json\/wp\/v2\/media\/336640"}],"wp:attachment":[{"href":"https:\/\/notinor.com\/jujuy\/wp-json\/wp\/v2\/media?parent=336639"}],"wp:term":[{"taxonomy":"category","embeddable":true,"href":"https:\/\/notinor.com\/jujuy\/wp-json\/wp\/v2\/categories?post=336639"},{"taxonomy":"post_tag","embeddable":true,"href":"https:\/\/notinor.com\/jujuy\/wp-json\/wp\/v2\/tags?post=336639"}],"curies":[{"name":"wp","href":"https:\/\/api.w.org\/{rel}","templated":true}]}}