{"id":335421,"date":"2022-04-21T21:04:00","date_gmt":"2022-04-22T00:04:00","guid":{"rendered":"https:\/\/notinor.com\/jujuy\/?p=335421"},"modified":"2022-04-22T09:07:35","modified_gmt":"2022-04-22T12:07:35","slug":"taller-sobre-lactancia-materna","status":"publish","type":"post","link":"https:\/\/notinor.com\/jujuy\/taller-sobre-lactancia-materna\/","title":{"rendered":"Taller sobre lactancia materna"},"content":{"rendered":"\n<p>En una nueva edici\u00f3n del Consultorio de Puericultura, la Direcci\u00f3n de Ni\u00f1ez y Adolescencia, dependiente de la Secretar\u00eda de Desarrollo Humano, organiz\u00f3 un nuevo encuentro gratuito sobre lactancia dirigido a mujeres gestantes y familias con beb\u00e9s hasta 6 meses.<\/p>\n\n\n\n<div class=\"wp-block-image\"><figure class=\"aligncenter size-large is-resized\"><img decoding=\"async\" loading=\"lazy\" src=\"https:\/\/notinor.com\/jujuy\/wp-content\/uploads\/2022\/04\/LACTANCIA-1-720x480.jpg\" alt=\"\" class=\"wp-image-335424\" width=\"534\" height=\"356\" srcset=\"https:\/\/notinor.com\/jujuy\/wp-content\/uploads\/2022\/04\/LACTANCIA-1-720x480.jpg 720w, https:\/\/notinor.com\/jujuy\/wp-content\/uploads\/2022\/04\/LACTANCIA-1-548x365.jpg 548w, https:\/\/notinor.com\/jujuy\/wp-content\/uploads\/2022\/04\/LACTANCIA-1-768x512.jpg 768w, https:\/\/notinor.com\/jujuy\/wp-content\/uploads\/2022\/04\/LACTANCIA-1-750x500.jpg 750w, https:\/\/notinor.com\/jujuy\/wp-content\/uploads\/2022\/04\/LACTANCIA-1-1140x760.jpg 1140w, https:\/\/notinor.com\/jujuy\/wp-content\/uploads\/2022\/04\/LACTANCIA-1.jpg 1280w\" sizes=\"(max-width: 534px) 100vw, 534px\" \/><\/figure><\/div>\n\n\n\n<p>En este sentido, la directora de Ni\u00f1ez y Adolescencia, Fernanda Zarif, inform\u00f3 que los temas tratados en el taller fueron: los beneficios del amamantamiento, las posiciones para amamantar, adhesi\u00f3n boca-pecho, el funcionamiento de la gl\u00e1ndula mamaria, las necesidades b\u00e1sicas del beb\u00e9 y consejos para abordar dificultades, entre otros temas, \u201cel segundo taller estuvo a cargo de F\u2026<br>[7:26 p.&nbsp;m., 21\/4\/2022] prensa muni nvo: \u00a1Buenas tardes periodistas! Los invitamos ma\u00f1ana a las 9hs. en el Club de Emprendedores a la conferencia por el lanzamiento de San Salvador Moda Los esperamos!<br>[10:39 p.&nbsp;m., 21\/4\/2022] prensa muni nvo: Estimados colegas se suspende la conferencia de prensa prevista para ma\u00f1ana a las 9hs. Luego confirmaremos nuevo horario . Desde ya muchas gracias .<\/p>\n","protected":false},"excerpt":{"rendered":"<p>En una nueva edici\u00f3n del Consultorio de Puericultura, la Direcci\u00f3n de Ni\u00f1ez y Adolescencia, dependiente de la Secretar\u00eda de Desarrollo Humano, organiz\u00f3 un nuevo encuentro gratuito sobre lactancia dirigido a mujeres gestantes y familias con beb\u00e9s hasta 6 meses. En este sentido, la directora de Ni\u00f1ez y Adolescencia, Fernanda Zarif, inform\u00f3 que los temas tratados [&hellip;]<\/p>\n","protected":false},"author":5,"featured_media":335423,"comment_status":"open","ping_status":"open","sticky":false,"template":"","format":"standard","meta":{"_stopmodifiedupdate":false,"_modified_date":"","inline_featured_image":false,"spay_email":"","jetpack_publicize_message":""},"categories":[13],"tags":[],"jetpack_featured_media_url":"https:\/\/notinor.com\/jujuy\/wp-content\/uploads\/2022\/04\/LACTANCIA.jpg","jetpack_publicize_connections":[],"_links":{"self":[{"href":"https:\/\/notinor.com\/jujuy\/wp-json\/wp\/v2\/posts\/335421"}],"collection":[{"href":"https:\/\/notinor.com\/jujuy\/wp-json\/wp\/v2\/posts"}],"about":[{"href":"https:\/\/notinor.com\/jujuy\/wp-json\/wp\/v2\/types\/post"}],"author":[{"embeddable":true,"href":"https:\/\/notinor.com\/jujuy\/wp-json\/wp\/v2\/users\/5"}],"replies":[{"embeddable":true,"href":"https:\/\/notinor.com\/jujuy\/wp-json\/wp\/v2\/comments?post=335421"}],"version-history":[{"count":1,"href":"https:\/\/notinor.com\/jujuy\/wp-json\/wp\/v2\/posts\/335421\/revisions"}],"predecessor-version":[{"id":335425,"href":"https:\/\/notinor.com\/jujuy\/wp-json\/wp\/v2\/posts\/335421\/revisions\/335425"}],"wp:featuredmedia":[{"embeddable":true,"href":"https:\/\/notinor.com\/jujuy\/wp-json\/wp\/v2\/media\/335423"}],"wp:attachment":[{"href":"https:\/\/notinor.com\/jujuy\/wp-json\/wp\/v2\/media?parent=335421"}],"wp:term":[{"taxonomy":"category","embeddable":true,"href":"https:\/\/notinor.com\/jujuy\/wp-json\/wp\/v2\/categories?post=335421"},{"taxonomy":"post_tag","embeddable":true,"href":"https:\/\/notinor.com\/jujuy\/wp-json\/wp\/v2\/tags?post=335421"}],"curies":[{"name":"wp","href":"https:\/\/api.w.org\/{rel}","templated":true}]}}