{"id":333611,"date":"2022-04-05T08:46:47","date_gmt":"2022-04-05T11:46:47","guid":{"rendered":"https:\/\/notinor.com\/jujuy\/?p=333611"},"modified":"2022-04-05T08:46:52","modified_gmt":"2022-04-05T11:46:52","slug":"por-primera-vez-en-20-anos-disminuyo-de-manera-significativa-el-indice-de-suicidio-en-jujuy","status":"publish","type":"post","link":"https:\/\/notinor.com\/jujuy\/por-primera-vez-en-20-anos-disminuyo-de-manera-significativa-el-indice-de-suicidio-en-jujuy\/","title":{"rendered":"Por primera vez en 20 a\u00f1os, disminuy\u00f3 de manera significativa el \u00edndice de suicidio en Jujuy"},"content":{"rendered":"\n<p>Se trata de un logro de enorme magnitud que impacta positivamente en la salud p\u00fablica y por ello, a nivel comunitario.<\/p>\n\n\n\n<div class=\"wp-block-image\"><figure class=\"aligncenter is-resized\"><img decoding=\"async\" loading=\"lazy\" src=\"https:\/\/media.prensa.jujuy.gob.ar\/p\/a0780ddff6e8da23652b8bc649df1b49\/adjuntos\/301\/imagenes\/000\/332\/0000332750\/1200x0\/smart\/salud-mental.jpg\" alt=\"Por primera vez en 20 a\u00f1os, disminuy\u00f3 de manera significativa el \u00edndice de suicidio en Jujuy\" width=\"463\" height=\"347\" title=\"Por primera vez en 20 a\u00f1os, disminuy\u00f3 de manera significativa el \u00edndice de suicidio en Jujuy\"\/><\/figure><\/div>\n\n\n\n<p>\u201cTras a\u00f1os de un trabajo sostenido en materia de Salud Mental hoy podemos destacar que Jujuy logr\u00f3 disminuir los \u00edndices de suicidio de manera representativa, ubic\u00e1ndose en el 9,8\/100.000 habitantes y por primera vez en un d\u00edgito a lo largo de dos d\u00e9cadas\u201d, explic\u00f3 el Secretario de Salud Mental y Adicciones, Agust\u00edn Y\u00e9cora.<\/p>\n\n\n\n<p>\u201cEl suicidio es un evento muy complejo que puede ocurrir en cualquier etapa de la vida; tiene m\u00faltiples causas y muy dif\u00edcil de predecir pero se puede prevenir y la provincia avanza con esa premisa en el sistema p\u00fablico de salud, poniendo a disposici\u00f3n diferentes estrategias, todas importantes\u201d, agreg\u00f3.<\/p>\n\n\n\n<p>La tasa de suicidio es variable y en el an\u00e1lisis estad\u00edstico presenta periodos intermitentes. \u201cMientras se esperaba, de acuerdo a la probabilidad, que el registro se incremente en 2021, tras el per\u00edodo m\u00e1s agudo de pandemia, finalmente el a\u00f1o concluy\u00f3 con una merma muy representativa por debajo del 10\/100.000 habitantes por primera vez despu\u00e9s de mucho tiempo\u201d, remarc\u00f3 Y\u00e9cora.<\/p>\n\n\n\n<p>\u201cEste indicador es resultado de un minucioso an\u00e1lisis de situaci\u00f3n, una planificaci\u00f3n exhaustiva adecuada al contexto local y una amplia disponibilidad de acceso al sistema de salud para la consulta de toda persona que lo requiera durante las 24 horas junto a la coordinaci\u00f3n permanente y las acciones en red con diferentes \u00e1reas de Gobierno, Municipios, instituciones privadas, organizaciones de la sociedad civil como clubes y centros vecinales y el acompa\u00f1amiento y compromiso de los medios de comunicaci\u00f3n a trav\u00e9s de la Subcomisi\u00f3n de Atenci\u00f3n, Prevenci\u00f3n y Posvenci\u00f3n de personas con conductas de riesgo suicida\u201d, resalt\u00f3 Y\u00e9cora, recordando que \u201cuna de las herramientas con la que contamos todas las personas es la disposici\u00f3n de escucha activa frente a los dem\u00e1s que puede hacer la diferencia\u201d.<\/p>\n\n\n\n<p>El Programa Provincial de Prevenci\u00f3n del Suicidio fortalece el trabajo con la persona que ha intentado el suicidio porque tiene un 44% m\u00e1s de chances de consumarlo que el resto de las personas que no lo han intentado. Del mismo modo, se aboca a la detecci\u00f3n temprana de los pacientes con conductas o factores de riesgo y pone en escena el rol de los factores protectores: lo que hace bien, los recursos o condiciones de las personas ante situaciones de riesgo o vulnerabilidad emocional que permiten fortalecer la salud mental tales como estar hacia un otro, poder contar con quien hablar, sentirse acompa\u00f1ado, tener un espacio de contenci\u00f3n, una actividad, momentos, experiencias para engancharse con la vida.<\/p>\n\n\n\n<h3>\u00bfD\u00f3nde acudir?<\/h3>\n\n\n\n<p>El sistema p\u00fablico de salud dispone de m\u00faltiples alternativas para todo tipo de consultas sobre salud mental:<\/p>\n\n\n\n<ul><li>Postas sanitarias, CAPS, Nodos. Para ubicaci\u00f3n consultar a:\u00a0http:\/\/www.msaludjujuy.gov.ar:8022\/CartasServicioWeb\/Inicio<\/li><\/ul>\n\n\n\n<ul><li>Call Center las 24 horas: 0800 \u2013 888 - 4767<\/li><\/ul>\n\n\n\n<ul><li>SAME 107 - Emergencias en Salud Mental las 24 horas<\/li><\/ul>\n\n\n\n<ul><li>Guardia de Salud Mental las 24 horas, los 365 d\u00edas del a\u00f1o en Hospital Wenceslao Gallardo (ingreso por Av. La Plata. Palpal\u00e1)<\/li><\/ul>\n\n\n\n<ul><li>Guardia de Salud Mental del Hospital Pablo Soria (Gral. G\u00fcemes 1345. San Salvador de Jujuy)<\/li><\/ul>\n\n\n\n<ul><li>El Umbral. Direcci\u00f3n: Belgrano N\u00b0 1205 (San Salvador de Jujuy)<\/li><\/ul>\n\n\n\n<ul><li>Servicio de Salud Digital:\u00a0http:\/\/salud.jujuy.gob.ar\/asistenciavirtual\/\u00a0haciendo click en el bot\u00f3n \u201cSalud Mental\u201d<\/li><\/ul>\n\n\n\n<ul><li>Grupo Operativo de Alcoholismo (GOA). Direcci\u00f3n: Hospital Sequeiros, (ingreso por calle Pilcomayo. Barrio Mariano Moreno. San Salvador de Jujuy). Jueves de 10 a 11.30 horas y s\u00e1bado de 17. a 18.30 horas<\/li><\/ul>\n\n\n\n<ul><li>XY. Hospital Sequeiros (Ecuador 53. Barrio Mariano Moreno. San Salvador de Jujuy). Jueves 8.30 horas<\/li><\/ul>\n\n\n\n<ul><li>Consultorio Externo. Hospital Sequeiros. (Ecuador 53. Barrio Mariano Moreno. San Salvador de Jujuy)<\/li><\/ul>\n\n\n\n<ul><li>Dispositivo Territorial Comunitario (DTC) en san Pedro, Perico, Forestal, Libertador Gral. San Mart\u00edn, Alto Comedero, Tilcara, Humahuaca, La Quiaca. Para ubicaci\u00f3n consultar:\u00a0http:\/\/salud.jujuy.gob.ar\/diat-dispositivo-integral-de-abordaje-territorial\/<\/li><\/ul>\n\n\n\n<ul><li>Secretar\u00eda de Salud Mental y Adicciones del Ministerio de Salud 388 4245541- comitesuicidiojujuy@gmail.com<\/li><\/ul>\n\n\n\n<h3>Otros servicios<\/h3>\n\n\n\n<ul><li>Fundaci\u00f3n Vida 0 800 888 2558 - WhatsApp 388 4431224 - Facebook: C.A.S Centro de atenci\u00f3n al suicida Jujuy<\/li><\/ul>\n\n\n\n<ul><li>Asociaci\u00f3n Civil Apostando a la Vida - Sede: Avenida 19 de Abril 943, San Salvador de Jujuy - Facebook: Asociaci\u00f3n Civil Apostando a la Vida \u2013 Email: apostandoalavida@yahoo.com.ar<\/li><\/ul>\n\n\n\n<ul><li>SAE - Servicio de Acompa\u00f1amiento Escolar - Secretar\u00eda de Equidad Educativa \u2013 Avenida Santib\u00e1\u00f1ez 1782- Celular 388 4580834 - Email- equipoprovsaejujuy@gmail.com y sae@aedjujuy.edu.ar - Facebook: Sae Jujuy Provincial<\/li><\/ul>\n\n\n\n<ul><li>Secretar\u00eda de Derechos Humanos - Hip\u00f3lito Irigoyen N\u00b0 636, San Salvador de Jujuy \u2013 Tel\u00e9fono: 388 4235877- 388 54040927 - sdh@jujuy.gob.ar<\/li><\/ul>\n\n\n\n<ul><li>Defensor\u00eda del Pueblo de la Provincia de Jujuy \u2013 Tel\u00e9fono: 0 800 4442010<\/li><\/ul>\n\n\n\n<ul><li>Fundaci\u00f3n Crear Vale la Pena - Tel\u00e9fono: 549113211 \u2013 2041 - Email - info@crearvalelapena.org.ar<\/li><\/ul>\n\n\n\n<ul><li>Programa Cuidadores de la Casa Com\u00fan de la Pastoral Social del Obispado de Jujuy \u2013 Tel\u00e9fono: 388 54570825 pastoraljujuy@gmail.com<\/li><\/ul>\n","protected":false},"excerpt":{"rendered":"<p>Se trata de un logro de enorme magnitud que impacta positivamente en la salud p\u00fablica y por ello, a nivel comunitario. \u201cTras a\u00f1os de un trabajo sostenido en materia de Salud Mental hoy podemos destacar que Jujuy logr\u00f3 disminuir los \u00edndices de suicidio de manera representativa, ubic\u00e1ndose en el 9,8\/100.000 habitantes y por primera vez [&hellip;]<\/p>\n","protected":false},"author":5,"featured_media":333614,"comment_status":"open","ping_status":"open","sticky":false,"template":"","format":"standard","meta":{"_stopmodifiedupdate":false,"_modified_date":"","inline_featured_image":false,"spay_email":"","jetpack_publicize_message":""},"categories":[13],"tags":[],"jetpack_featured_media_url":"https:\/\/notinor.com\/jujuy\/wp-content\/uploads\/2022\/04\/suicidio.jpg","jetpack_publicize_connections":[],"_links":{"self":[{"href":"https:\/\/notinor.com\/jujuy\/wp-json\/wp\/v2\/posts\/333611"}],"collection":[{"href":"https:\/\/notinor.com\/jujuy\/wp-json\/wp\/v2\/posts"}],"about":[{"href":"https:\/\/notinor.com\/jujuy\/wp-json\/wp\/v2\/types\/post"}],"author":[{"embeddable":true,"href":"https:\/\/notinor.com\/jujuy\/wp-json\/wp\/v2\/users\/5"}],"replies":[{"embeddable":true,"href":"https:\/\/notinor.com\/jujuy\/wp-json\/wp\/v2\/comments?post=333611"}],"version-history":[{"count":1,"href":"https:\/\/notinor.com\/jujuy\/wp-json\/wp\/v2\/posts\/333611\/revisions"}],"predecessor-version":[{"id":333616,"href":"https:\/\/notinor.com\/jujuy\/wp-json\/wp\/v2\/posts\/333611\/revisions\/333616"}],"wp:featuredmedia":[{"embeddable":true,"href":"https:\/\/notinor.com\/jujuy\/wp-json\/wp\/v2\/media\/333614"}],"wp:attachment":[{"href":"https:\/\/notinor.com\/jujuy\/wp-json\/wp\/v2\/media?parent=333611"}],"wp:term":[{"taxonomy":"category","embeddable":true,"href":"https:\/\/notinor.com\/jujuy\/wp-json\/wp\/v2\/categories?post=333611"},{"taxonomy":"post_tag","embeddable":true,"href":"https:\/\/notinor.com\/jujuy\/wp-json\/wp\/v2\/tags?post=333611"}],"curies":[{"name":"wp","href":"https:\/\/api.w.org\/{rel}","templated":true}]}}