{"id":33329,"date":"2015-06-26T00:01:17","date_gmt":"2015-06-26T03:01:17","guid":{"rendered":"http:\/\/notinor.com\/jujuy\/?p=33329"},"modified":"2015-06-25T21:19:40","modified_gmt":"2015-06-26T00:19:40","slug":"eeuu-denuncio-a-cuba-venezuela-e-iran-en-su-informe-anual-de-ddhh","status":"publish","type":"post","link":"https:\/\/notinor.com\/jujuy\/eeuu-denuncio-a-cuba-venezuela-e-iran-en-su-informe-anual-de-ddhh\/","title":{"rendered":"EEUU denunci\u00f3 a Cuba, Venezuela e Ir\u00e1n en su informe anual de DDHH"},"content":{"rendered":"<p>Estados Unidos public\u00f3, el jueves, su informe anual sobre derechos humanos en el mundo, en el que apunt\u00f3 con dureza a la situaci\u00f3n de Cuba, Venezuela e Ir\u00e1n.<\/p>\n<p>Pese al deshielo de las relaciones entre Cuba y los Estados Unidos, que fue sellado meses atr\u00e1s por un encuentro entre Barack Obama y Ra\u00fal Castro; el Departamento de Estado volvi\u00f3 a insistir con las denuncias sobre la violaci\u00f3n sistem\u00e1tica de los derechos humanos en la isla.<\/p>\n<p>De acuerdo con el subsecretario de Estado para los Derechos Humanos, Tom Malinowski, el reporte no contradice el acercamiento diplom\u00e1tico hacia Cuba iniciado en diciembre porque \"relacionarse no es lo mismo que respaldar\".<\/p>\n<p>\"La situaci\u00f3n necesita mejorar bastante antes de que cualquiera de nosotros pueda decir que estamos donde queremos estar\", dijo el funcionario durante una conferencia de prensa. \"Pero creemos que lo que hemos hecho es quitarle al gobierno cubano la posibilidad de decir que los problemas en la isla son culpa de Estados Unidos y poner el \u00e9nfasis donde corresponde: en sus acciones y pol\u00edticas\".<\/p>\n<p>Seg\u00fan el informe, en Cuba, donde Washington espera abrir este a\u00f1o una embajada por primera vez en medio siglo, han sido casi 9.000 los ciudadanos sometidos arrestos temporales y arbitrarios durante los \u00faltimos cinco a\u00f1os, lo que constituye una cifra r\u00e9cord.<\/p>\n<p>Por su parte, sobre Venezuela, el documento manifiesta que las fuerzas de seguridad y grupos progubernamentales violaron los derechos humanos de manifestantes en varias ciudades de pa\u00eds, entre febrero y mayo de 2014. El informe registr\u00f3 denuncias del uso de la fuerza para disolver las protestas, detenciones arbitrarias y tortura y agreg\u00f3 que el gobierno us\u00f3 el poder judicial para enjuiciar a l\u00edderes opositores<\/p>\n<p>Washington ya hab\u00eda sancionado, en marzo de 2015, a siete funcionarios del gobierno de Nicol\u00e1s Maduro acusados de violar derechos humanos durante las manifestaciones que dejaron 43 muertes en 2014.<\/p>\n<p>Sobre la situaci\u00f3n en Medio Oriente, el informe fustig\u00f3 el jueves a Ir\u00e1n por las graves restricciones a libertades fundamentales, como las de expresi\u00f3n y de culto.<\/p>\n<p>\"Ir\u00e1n contin\u00faa limitando gravemente las libertades individuales, como la libertad de reuni\u00f3n, de expresi\u00f3n, de religi\u00f3n y la libertad de prensa\", denunci\u00f3 el Departamento de Estado en el documento.<\/p>\n<p>El informe se publica en momentos en que Washington y Teher\u00e1n sostienen una negociaci\u00f3n en conjunto con un grupo de potencias occidentales para alcanzar un acuerdo sobre el programa nuclear iran\u00ed.<\/p>\n<p>Estados Unidos, donde tambi\u00e9n se aplica la pena de muerte, critic\u00f3 adem\u00e1s a la Rep\u00fablica Isl\u00e1mica por tener \"la segunda mayor tasa mundial de ejecuciones de sus ciudadanos\".<\/p>\n<p>El Departamento de Estado censura, adem\u00e1s, en su informe \"las restricciones impuestas a sus ciudadanos para poder cambiar de gobierno de manera pac\u00edfica a trav\u00e9s de elecciones libres y justas\". Y agrega la denuncia al \"desprecio de las autoridades por la integridad f\u00edsica de los detenidos, torturados o muertos en forma arbitraria e ilegal\".<\/p>\n<p>Adem\u00e1s, para seguir el an\u00e1lisis sobre la regi\u00f3n, el informe hace referencia a la creciente brutalidad de grupos islamistas como el Estado Isl\u00e1mico (ISIS, por sus siglas en ingl\u00e9s) o el nigeriano Boko Haram.<\/p>\n<p>Ambos han representado una de las tendencias m\u00e1s preocupantes para los derechos humanos en el mundo en 2014, seg\u00fan el documento sobre el tema.<\/p>\n","protected":false},"excerpt":{"rendered":"<p>Estados Unidos public\u00f3, el jueves, su informe anual sobre derechos humanos en el mundo, en el que apunt\u00f3 con dureza a la situaci\u00f3n de Cuba, Venezuela e Ir\u00e1n. Pese al deshielo de las relaciones entre Cuba y los Estados Unidos, que fue sellado meses atr\u00e1s por un encuentro entre Barack Obama y Ra\u00fal Castro; el [&hellip;]<\/p>\n","protected":false},"author":1,"featured_media":33330,"comment_status":"open","ping_status":"open","sticky":false,"template":"","format":"standard","meta":{"_stopmodifiedupdate":false,"_modified_date":"","inline_featured_image":false},"categories":[6],"tags":[],"jetpack_featured_media_url":"https:\/\/notinor.com\/jujuy\/wp-content\/uploads\/2015\/06\/cuba-venezuela-iran.jpg","_links":{"self":[{"href":"https:\/\/notinor.com\/jujuy\/wp-json\/wp\/v2\/posts\/33329"}],"collection":[{"href":"https:\/\/notinor.com\/jujuy\/wp-json\/wp\/v2\/posts"}],"about":[{"href":"https:\/\/notinor.com\/jujuy\/wp-json\/wp\/v2\/types\/post"}],"author":[{"embeddable":true,"href":"https:\/\/notinor.com\/jujuy\/wp-json\/wp\/v2\/users\/1"}],"replies":[{"embeddable":true,"href":"https:\/\/notinor.com\/jujuy\/wp-json\/wp\/v2\/comments?post=33329"}],"version-history":[{"count":1,"href":"https:\/\/notinor.com\/jujuy\/wp-json\/wp\/v2\/posts\/33329\/revisions"}],"predecessor-version":[{"id":33331,"href":"https:\/\/notinor.com\/jujuy\/wp-json\/wp\/v2\/posts\/33329\/revisions\/33331"}],"wp:featuredmedia":[{"embeddable":true,"href":"https:\/\/notinor.com\/jujuy\/wp-json\/wp\/v2\/media\/33330"}],"wp:attachment":[{"href":"https:\/\/notinor.com\/jujuy\/wp-json\/wp\/v2\/media?parent=33329"}],"wp:term":[{"taxonomy":"category","embeddable":true,"href":"https:\/\/notinor.com\/jujuy\/wp-json\/wp\/v2\/categories?post=33329"},{"taxonomy":"post_tag","embeddable":true,"href":"https:\/\/notinor.com\/jujuy\/wp-json\/wp\/v2\/tags?post=33329"}],"curies":[{"name":"wp","href":"https:\/\/api.w.org\/{rel}","templated":true}]}}