{"id":33313,"date":"2015-06-26T00:01:01","date_gmt":"2015-06-26T03:01:01","guid":{"rendered":"http:\/\/notinor.com\/jujuy\/?p=33313"},"modified":"2015-06-25T20:56:05","modified_gmt":"2015-06-25T23:56:05","slug":"ate-rechaza-lo-propuesto-por-el-gobierno-e-iniciara-plan-de-lucha","status":"publish","type":"post","link":"https:\/\/notinor.com\/jujuy\/ate-rechaza-lo-propuesto-por-el-gobierno-e-iniciara-plan-de-lucha\/","title":{"rendered":"ATE rechaza lo propuesto por el Gobierno e iniciar\u00e1 plan de lucha"},"content":{"rendered":"<p>En la reuni\u00f3n por recomposici\u00f3n salarial el gobierno volvi\u00f3 a imponer cual y c\u00f3mo ser\u00e1 el aumento salarial sin dar posibilidad alguna de negociaci\u00f3n, ya que no se dio lugar a una contrapropuesta.<\/p>\n<p>La propuesta del gobierno consiste en un 27,4% de aumento salarial a partir de junio, aumento del piso salarial de 125 pesos, y el salario familiar aumenta un 30% seg\u00fan lo dispuesto por el gobierno nacional, sobre este punto, cabe aclarar, que el gobierno provincial aument\u00f3 un tramo, el esquema ser\u00eda:<\/p>\n<p>-0 a 7.500 pesos: 837 pesos<\/p>\n<p>-7.500 a 9.800 pesos: 562 pesos<\/p>\n<p>-9.800 a 12.700 pesos: 338 pesos<\/p>\n<p>-12.700 a 18.000 pesos: 270 pesos<\/p>\n<p>- Mas de 18.000 pesos: 203 pesos<\/p>\n<p>En lugar de escuchar los reclamos de los trabajadores, que venimos planteando desde el 6 de febrero, los funcionarios prefirieron adoptar la soberbia actitud de plantear que el gobierno est\u00e1 haciendo \"un esfuerzo\".<\/p>\n<p>Para los trabajadores este aumento es insuficiente, injusto, fuera de toda l\u00f3gica, ya que no llega a cubrir el costo de la canasta total que un trabajador necesita para una vida digna.<\/p>\n<p>En consecuencia, y coherentes con el mandato del plenario de la Intersindical se ha resuelto iniciar un plan de lucha declarando el estado de alerta y movilizaci\u00f3n como as\u00ed tambi\u00e9n la convocatoria de asambleas sectoriales.<\/p>\n<p><strong>MEDIDAS DE FUERZA EN EL \u00c1REA DE LIQUIDACI\u00d3N DEL MINISTERIO DE EDUCACI\u00d3N<\/strong><\/p>\n<p>Los trabajadores, del \u00e1rea de liquidaci\u00f3n del ministerio de educaci\u00f3n vienen realizando desde hace 2 meses una medida de fuerza, exigiendo un edificio digno para trabajar, ya que se encuentran en una habitaci\u00f3n de 4 x4 mtrs 14 trabajadores, entre otros reclamos.<\/p>\n<p>Al no encontrar respuestas, por parte de las autoridades del ministerio, los trabajadores decidieron en asamblea profundizar las medidas, con un paro por tiempo indeterminado, asamblea permanente en el edificio y quite de colaboraci\u00f3n hasta que se resuelva el petitorio que presentaron.<\/p>\n<p>Ning\u00fan funcionario del ministerio resuelve esta situaci\u00f3n, es por ello los trabajadores decidieron en la \u00faltima asamblea que realizaron en la repartici\u00f3n profundizar las medidas y hacer permanencia afuera del edificio hasta que las autoridades den respuestas urgente al reclamo.<\/p>\n","protected":false},"excerpt":{"rendered":"<p>En la reuni\u00f3n por recomposici\u00f3n salarial el gobierno volvi\u00f3 a imponer cual y c\u00f3mo ser\u00e1 el aumento salarial sin dar posibilidad alguna de negociaci\u00f3n, ya que no se dio lugar a una contrapropuesta. La propuesta del gobierno consiste en un 27,4% de aumento salarial a partir de junio, aumento del piso salarial de 125 pesos, [&hellip;]<\/p>\n","protected":false},"author":1,"featured_media":33314,"comment_status":"open","ping_status":"open","sticky":false,"template":"","format":"standard","meta":{"_stopmodifiedupdate":false,"_modified_date":"","inline_featured_image":false},"categories":[485],"tags":[],"jetpack_featured_media_url":"https:\/\/notinor.com\/jujuy\/wp-content\/uploads\/2015\/06\/SAM_1310.jpg","_links":{"self":[{"href":"https:\/\/notinor.com\/jujuy\/wp-json\/wp\/v2\/posts\/33313"}],"collection":[{"href":"https:\/\/notinor.com\/jujuy\/wp-json\/wp\/v2\/posts"}],"about":[{"href":"https:\/\/notinor.com\/jujuy\/wp-json\/wp\/v2\/types\/post"}],"author":[{"embeddable":true,"href":"https:\/\/notinor.com\/jujuy\/wp-json\/wp\/v2\/users\/1"}],"replies":[{"embeddable":true,"href":"https:\/\/notinor.com\/jujuy\/wp-json\/wp\/v2\/comments?post=33313"}],"version-history":[{"count":1,"href":"https:\/\/notinor.com\/jujuy\/wp-json\/wp\/v2\/posts\/33313\/revisions"}],"predecessor-version":[{"id":33315,"href":"https:\/\/notinor.com\/jujuy\/wp-json\/wp\/v2\/posts\/33313\/revisions\/33315"}],"wp:featuredmedia":[{"embeddable":true,"href":"https:\/\/notinor.com\/jujuy\/wp-json\/wp\/v2\/media\/33314"}],"wp:attachment":[{"href":"https:\/\/notinor.com\/jujuy\/wp-json\/wp\/v2\/media?parent=33313"}],"wp:term":[{"taxonomy":"category","embeddable":true,"href":"https:\/\/notinor.com\/jujuy\/wp-json\/wp\/v2\/categories?post=33313"},{"taxonomy":"post_tag","embeddable":true,"href":"https:\/\/notinor.com\/jujuy\/wp-json\/wp\/v2\/tags?post=33313"}],"curies":[{"name":"wp","href":"https:\/\/api.w.org\/{rel}","templated":true}]}}