{"id":332902,"date":"2022-03-30T08:00:21","date_gmt":"2022-03-30T11:00:21","guid":{"rendered":"https:\/\/notinor.com\/jujuy\/?p=332902"},"modified":"2022-03-30T09:00:08","modified_gmt":"2022-03-30T12:00:08","slug":"gareca-lucia","status":"publish","type":"post","link":"https:\/\/notinor.com\/jujuy\/gareca-lucia\/","title":{"rendered":"GARECA, Lucia"},"content":{"rendered":"\n<p><strong>Falleci\u00f3 el d\u00eda 28 de marzo de 2022, a hs. 19:40. C.A.S.R. y B.P., a la edad de 88 a\u00f1os. Su esposo: H\u00e9ctor Florencio Suarez; sus hijos: M\u00f3nica Beatriz, Rodolfo Emilio, Fabi\u00e1n Ernesto y Jorge Arnoldo Suarez; sus hijas pol\u00edticas: Esther Ontiveros y Viviana J\u00e1uregui; sus nietos: Paola, Andrea y Luciana Suarez, Gustavo, Elizabeth y Romina Suarez, Gabriel, Thiago y Dana Suarez; sus bisnietas: Luana, Delfina y dem\u00e1s familiares participan con profundo dolor su fallecimiento y comunican que sus restos fueron inhumados ayer 29 de marzo en el cementerio El Salvador. FAE. Servicio empresa La Piedad SA. Salta 727 S.S.de Jujuy. Tel. 0388-4222487. L\u00ednea gratuita 0800-444-5274.<\/strong><\/p>\n","protected":false},"excerpt":{"rendered":"<p>Falleci\u00f3 el d\u00eda 28 de marzo de 2022, a hs. 19:40. C.A.S.R. y B.P., a la edad de 88 a\u00f1os. Su esposo: H\u00e9ctor Florencio Suarez; sus hijos: M\u00f3nica Beatriz, Rodolfo Emilio, Fabi\u00e1n Ernesto y Jorge Arnoldo Suarez; sus hijas pol\u00edticas: Esther Ontiveros y Viviana J\u00e1uregui; sus nietos: Paola, Andrea y Luciana Suarez, Gustavo, Elizabeth y [&hellip;]<\/p>\n","protected":false},"author":5,"featured_media":129725,"comment_status":"open","ping_status":"open","sticky":false,"template":"","format":"standard","meta":{"_stopmodifiedupdate":false,"_modified_date":"","inline_featured_image":false,"spay_email":"","jetpack_publicize_message":""},"categories":[523],"tags":[],"jetpack_featured_media_url":"https:\/\/notinor.com\/jujuy\/wp-content\/uploads\/2017\/08\/Obituarios2.jpg","jetpack_publicize_connections":[],"_links":{"self":[{"href":"https:\/\/notinor.com\/jujuy\/wp-json\/wp\/v2\/posts\/332902"}],"collection":[{"href":"https:\/\/notinor.com\/jujuy\/wp-json\/wp\/v2\/posts"}],"about":[{"href":"https:\/\/notinor.com\/jujuy\/wp-json\/wp\/v2\/types\/post"}],"author":[{"embeddable":true,"href":"https:\/\/notinor.com\/jujuy\/wp-json\/wp\/v2\/users\/5"}],"replies":[{"embeddable":true,"href":"https:\/\/notinor.com\/jujuy\/wp-json\/wp\/v2\/comments?post=332902"}],"version-history":[{"count":1,"href":"https:\/\/notinor.com\/jujuy\/wp-json\/wp\/v2\/posts\/332902\/revisions"}],"predecessor-version":[{"id":332903,"href":"https:\/\/notinor.com\/jujuy\/wp-json\/wp\/v2\/posts\/332902\/revisions\/332903"}],"wp:featuredmedia":[{"embeddable":true,"href":"https:\/\/notinor.com\/jujuy\/wp-json\/wp\/v2\/media\/129725"}],"wp:attachment":[{"href":"https:\/\/notinor.com\/jujuy\/wp-json\/wp\/v2\/media?parent=332902"}],"wp:term":[{"taxonomy":"category","embeddable":true,"href":"https:\/\/notinor.com\/jujuy\/wp-json\/wp\/v2\/categories?post=332902"},{"taxonomy":"post_tag","embeddable":true,"href":"https:\/\/notinor.com\/jujuy\/wp-json\/wp\/v2\/tags?post=332902"}],"curies":[{"name":"wp","href":"https:\/\/api.w.org\/{rel}","templated":true}]}}