{"id":332896,"date":"2022-03-30T08:54:50","date_gmt":"2022-03-30T11:54:50","guid":{"rendered":"https:\/\/notinor.com\/jujuy\/?p=332896"},"modified":"2022-03-30T08:54:54","modified_gmt":"2022-03-30T11:54:54","slug":"nenes-de-9-anos-ataron-a-una-silla-a-un-companero-y-le-arrancaron-las-pestanas","status":"publish","type":"post","link":"https:\/\/notinor.com\/jujuy\/nenes-de-9-anos-ataron-a-una-silla-a-un-companero-y-le-arrancaron-las-pestanas\/","title":{"rendered":"Nenes de 9 a\u00f1os ataron a una silla a un compa\u00f1ero y le arrancaron las pesta\u00f1as"},"content":{"rendered":"\n<p>Ocurri\u00f3 en Chile. El pap\u00e1 del menor coment\u00f3 que no es la primera vez que pasa. El lunes, el ministro de Educaci\u00f3n de ese pa\u00eds asegur\u00f3 que recibieron 1500 denuncias por casos de hostigamiento escolar.<\/p>\n\n\n\n<figure class=\"wp-block-image is-resized\"><img decoding=\"async\" loading=\"lazy\" src=\"https:\/\/tn.com.ar\/resizer\/cIZuSeoDjdKadVMqX4hUw45T08k=\/767x0\/smart\/filters:quality(60)\/cloudfront-us-east-1.images.arcpublishing.com\/artear\/MFOHRGRW65FNZBVUZRMLQWJ4KY.jpg\" alt=\"Un nene de 9 a\u00f1os fue agredido por sus compa\u00f1eros que le arrancaron las pesta\u00f1as (Foto: Ilustrativa Adobe Stock)\" width=\"1187\" height=\"665\"\/><\/figure>\n\n\n\n<p>Un nene de 9 a\u00f1os fue brutalmente atacado por sus compa\u00f1eros de colegio que lo ataron con una cuerda a una silla y le sacaron parte de sus pesta\u00f1as. Ocurri\u00f3 en Valpara\u00edso, Chile.<\/p>\n\n\n\n<p>Manuel Riquelme, el pap\u00e1 del ni\u00f1o, coment\u00f3 que\u00a0<strong>\u201cno es la primera vez\u201d<\/strong>\u00a0que el menor sufre de bullying dentro de la instituci\u00f3n. El hecho\u00a0<strong>sucedi\u00f3 durante un recreo<\/strong>\u00a0en la escuela Seminario San Rafael.<\/p>\n\n\n\n<p>Riquelme expres\u00f3: \u201cLe sacaron parte de sus pesta\u00f1as, lo amarraron con una cuerda y procedieron a quitarle parte de sus pesta\u00f1as.&nbsp;<strong>Qued\u00f3 en shock<\/strong>\u201d.<\/p>\n\n\n\n<p>A su vez, asegur\u00f3 que el chico&nbsp;<strong>\u201cno hab\u00eda querido\u201d<\/strong>&nbsp;contar lo que le hab\u00eda pasado.&nbsp;<strong>\u201cNos enteramos al d\u00eda siguiente porque ten\u00eda miedo\u201d<\/strong>, a\u00f1adi\u00f3.<\/p>\n\n\n\n<p>Riquelme precis\u00f3 que tras hacer la denuncia por los hechos sucedidos, desde el colegio no recibi\u00f3\u00a0<strong>ninguna respuesta<\/strong>. Y aclar\u00f3 que \u201csolo se activaron los protocolos al interior del establecimiento educacional\u201d.<\/p>\n\n\n\n<p>Adem\u00e1s, coment\u00f3 en di\u00e1logo con el&nbsp;<em>Diario la Estrella de Valpara\u00edso<\/em>&nbsp;que los antecedentes sobre este \u00faltimo caso&nbsp;<strong>\u201cfueron puestos a disposici\u00f3n de Carabineros y del Ministerio P\u00fablico\u201d<\/strong>, donde realizaron la denuncia en Fiscal\u00eda.<\/p>\n\n\n\n<h2>Aumento del bullying en escuelas chilenas<\/h2>\n\n\n\n<p>Este caso se dio a conocer en medio de una&nbsp;<strong>ola de denuncias por bullying<\/strong>&nbsp;en diferentes establecimientos educativos de Chile.<\/p>\n\n\n\n<p>Durante el lunes, el ministro de Educaci\u00f3n, Marco Antonio \u00c1vila, inform\u00f3 que la Superintendencia de Educaci\u00f3n recibi\u00f3&nbsp;<strong>1500 denuncias por diversos hechos ocurridos en los colegios del pa\u00eds<\/strong>, de los cuales el 30% corresponden a episodios de agresiones dentro de las aulas.<\/p>\n\n\n\n<figure class=\"wp-block-image is-resized\"><img decoding=\"async\" loading=\"lazy\" src=\"https:\/\/tn.com.ar\/resizer\/UWiswSiliYmxC2wI-7Y_YCuEYVA=\/767x0\/smart\/filters:quality(60)\/cloudfront-us-east-1.images.arcpublishing.com\/artear\/5JG5MCIYEFEV7JCE26LJJEN46Q.jpg\" alt=\"El ministro de Educaci\u00f3n, Marco Antonio \u00c1vila, inform\u00f3 que la Superintendencia de Educaci\u00f3n recibi\u00f3 1500 denuncias por diversos hechos ocurridos en los colegios de Chile. (Foto: Adobe Stock)\" width=\"1054\" height=\"591\"\/><figcaption>El ministro de Educaci\u00f3n, Marco Antonio \u00c1vila, inform\u00f3 que la Superintendencia de Educaci\u00f3n recibi\u00f3 1500 denuncias por diversos hechos ocurridos en los colegios de Chile. (Foto: Adobe Stock)<\/figcaption><\/figure>\n\n\n\n<p>El ministro coment\u00f3 que \u201chay una violencia estructural propia del pa\u00eds,&nbsp;<strong>un problema de salud mental que es anterior a la pandemia<\/strong>&nbsp;y anterior al estallido social que acompa\u00f1a estos procesos\u201d.<\/p>\n\n\n\n<p>Asimismo, enfatiz\u00f3: \u201cLos indicadores de suicidios juveniles son muy importantes junto conlas pr\u00e1cticas de bullying. Todas estas cosas son anteriores y se ven reforzadas por esta vuelta abrupta\u201d. Esto \u00faltimo, haciendo referencia a la vuelta de las clases presenciales.<\/p>\n","protected":false},"excerpt":{"rendered":"<p>Ocurri\u00f3 en Chile. El pap\u00e1 del menor coment\u00f3 que no es la primera vez que pasa. El lunes, el ministro de Educaci\u00f3n de ese pa\u00eds asegur\u00f3 que recibieron 1500 denuncias por casos de hostigamiento escolar. Un nene de 9 a\u00f1os fue brutalmente atacado por sus compa\u00f1eros de colegio que lo ataron con una cuerda a [&hellip;]<\/p>\n","protected":false},"author":40,"featured_media":332897,"comment_status":"open","ping_status":"open","sticky":false,"template":"","format":"standard","meta":{"_stopmodifiedupdate":false,"_modified_date":"","inline_featured_image":false,"spay_email":"","jetpack_publicize_message":""},"categories":[6],"tags":[],"jetpack_featured_media_url":"https:\/\/notinor.com\/jujuy\/wp-content\/uploads\/2022\/03\/MFOHRGRW65FNZBVUZRMLQWJ4KY.jpg","jetpack_publicize_connections":[],"_links":{"self":[{"href":"https:\/\/notinor.com\/jujuy\/wp-json\/wp\/v2\/posts\/332896"}],"collection":[{"href":"https:\/\/notinor.com\/jujuy\/wp-json\/wp\/v2\/posts"}],"about":[{"href":"https:\/\/notinor.com\/jujuy\/wp-json\/wp\/v2\/types\/post"}],"author":[{"embeddable":true,"href":"https:\/\/notinor.com\/jujuy\/wp-json\/wp\/v2\/users\/40"}],"replies":[{"embeddable":true,"href":"https:\/\/notinor.com\/jujuy\/wp-json\/wp\/v2\/comments?post=332896"}],"version-history":[{"count":1,"href":"https:\/\/notinor.com\/jujuy\/wp-json\/wp\/v2\/posts\/332896\/revisions"}],"predecessor-version":[{"id":332898,"href":"https:\/\/notinor.com\/jujuy\/wp-json\/wp\/v2\/posts\/332896\/revisions\/332898"}],"wp:featuredmedia":[{"embeddable":true,"href":"https:\/\/notinor.com\/jujuy\/wp-json\/wp\/v2\/media\/332897"}],"wp:attachment":[{"href":"https:\/\/notinor.com\/jujuy\/wp-json\/wp\/v2\/media?parent=332896"}],"wp:term":[{"taxonomy":"category","embeddable":true,"href":"https:\/\/notinor.com\/jujuy\/wp-json\/wp\/v2\/categories?post=332896"},{"taxonomy":"post_tag","embeddable":true,"href":"https:\/\/notinor.com\/jujuy\/wp-json\/wp\/v2\/tags?post=332896"}],"curies":[{"name":"wp","href":"https:\/\/api.w.org\/{rel}","templated":true}]}}