{"id":332891,"date":"2022-03-30T08:56:55","date_gmt":"2022-03-30T11:56:55","guid":{"rendered":"https:\/\/notinor.com\/jujuy\/?p=332891"},"modified":"2022-03-30T08:56:59","modified_gmt":"2022-03-30T11:56:59","slug":"se-viene-el-frio-descenso-de-la-temperatura-para-este-miercoles-en-jujuy","status":"publish","type":"post","link":"https:\/\/notinor.com\/jujuy\/se-viene-el-frio-descenso-de-la-temperatura-para-este-miercoles-en-jujuy\/","title":{"rendered":"Se viene el fr\u00edo: Descenso de la temperatura para este mi\u00e9rcoles en Jujuy"},"content":{"rendered":"\n<p>Se espera para hoy el ingreso de un frente fr\u00edo en la provincia. La temperatura descender\u00e1 hasta los 9 grados hacia la tarde.El ingreso del frente frio hizo descender la temperatura en todo el territorio.<\/p>\n\n\n\n<figure class=\"wp-block-image size-large is-resized\"><img decoding=\"async\" loading=\"lazy\" src=\"https:\/\/notinor.com\/jujuy\/wp-content\/uploads\/2022\/03\/201021_pronostica_iam_un_cierre_de_ano_menos_frio_para_la_region_occidente_internet-1.png\" alt=\"\" class=\"wp-image-332900\" width=\"1150\" height=\"718\" srcset=\"https:\/\/notinor.com\/jujuy\/wp-content\/uploads\/2022\/03\/201021_pronostica_iam_un_cierre_de_ano_menos_frio_para_la_region_occidente_internet-1.png 768w, https:\/\/notinor.com\/jujuy\/wp-content\/uploads\/2022\/03\/201021_pronostica_iam_un_cierre_de_ano_menos_frio_para_la_region_occidente_internet-1-585x365.png 585w, https:\/\/notinor.com\/jujuy\/wp-content\/uploads\/2022\/03\/201021_pronostica_iam_un_cierre_de_ano_menos_frio_para_la_region_occidente_internet-1-750x468.png 750w\" sizes=\"(max-width: 1150px) 100vw, 1150px\" \/><\/figure>\n\n\n\n<p>El cambio de tiempo que se ven\u00eda anunciando desde el lunes finalmente lleg\u00f3 a Jujuy. Se espera para hoy en la capital juje\u00f1a una jornada con viento, lluvias y el ingreso de un frente fr\u00edo que provocar\u00e1 un marcado descenso de las temperaturas. La m\u00ednima llegar\u00e1 hasta los 9 grados por la tarde.<\/p>\n\n\n\n<p>El SMN hab\u00eda anunciado para hoy el ingreso de un frente fr\u00edo proveniente del sur que trae un descenso de las temperaturas que se mantendr\u00e1 por lo menos hasta ma\u00f1ana jueves.<\/p>\n\n\n\n<p>En Tilcara la m\u00ednima fue de 2\u00ba y la m\u00e1xima llegar\u00e1 a los 13\u00ba con cielo parcialmente nublado. En Yavi el cielo est\u00e1 parcialmente nublado y la m\u00e1xima llegar\u00e1 a los 20\u00ba.&nbsp;<\/p>\n\n\n\n<p>En Calilegua la m\u00e1xima ser\u00e1 de 25\u00ba, con probabilidad de lluvias. Mientras que San Antonio presentar\u00e1 lluvias y una m\u00e1xima de 20\u00ba.&nbsp;<\/p>\n","protected":false},"excerpt":{"rendered":"<p>Se espera para hoy el ingreso de un frente fr\u00edo en la provincia. La temperatura descender\u00e1 hasta los 9 grados hacia la tarde.El ingreso del frente frio hizo descender la temperatura en todo el territorio. El cambio de tiempo que se ven\u00eda anunciando desde el lunes finalmente lleg\u00f3 a Jujuy. Se espera para hoy en [&hellip;]<\/p>\n","protected":false},"author":40,"featured_media":332900,"comment_status":"open","ping_status":"open","sticky":false,"template":"","format":"standard","meta":{"_stopmodifiedupdate":false,"_modified_date":"","inline_featured_image":false,"spay_email":"","jetpack_publicize_message":""},"categories":[2],"tags":[],"jetpack_featured_media_url":"https:\/\/notinor.com\/jujuy\/wp-content\/uploads\/2022\/03\/201021_pronostica_iam_un_cierre_de_ano_menos_frio_para_la_region_occidente_internet-1.png","jetpack_publicize_connections":[],"_links":{"self":[{"href":"https:\/\/notinor.com\/jujuy\/wp-json\/wp\/v2\/posts\/332891"}],"collection":[{"href":"https:\/\/notinor.com\/jujuy\/wp-json\/wp\/v2\/posts"}],"about":[{"href":"https:\/\/notinor.com\/jujuy\/wp-json\/wp\/v2\/types\/post"}],"author":[{"embeddable":true,"href":"https:\/\/notinor.com\/jujuy\/wp-json\/wp\/v2\/users\/40"}],"replies":[{"embeddable":true,"href":"https:\/\/notinor.com\/jujuy\/wp-json\/wp\/v2\/comments?post=332891"}],"version-history":[{"count":1,"href":"https:\/\/notinor.com\/jujuy\/wp-json\/wp\/v2\/posts\/332891\/revisions"}],"predecessor-version":[{"id":332901,"href":"https:\/\/notinor.com\/jujuy\/wp-json\/wp\/v2\/posts\/332891\/revisions\/332901"}],"wp:featuredmedia":[{"embeddable":true,"href":"https:\/\/notinor.com\/jujuy\/wp-json\/wp\/v2\/media\/332900"}],"wp:attachment":[{"href":"https:\/\/notinor.com\/jujuy\/wp-json\/wp\/v2\/media?parent=332891"}],"wp:term":[{"taxonomy":"category","embeddable":true,"href":"https:\/\/notinor.com\/jujuy\/wp-json\/wp\/v2\/categories?post=332891"},{"taxonomy":"post_tag","embeddable":true,"href":"https:\/\/notinor.com\/jujuy\/wp-json\/wp\/v2\/tags?post=332891"}],"curies":[{"name":"wp","href":"https:\/\/api.w.org\/{rel}","templated":true}]}}