{"id":332359,"date":"2022-03-24T14:50:06","date_gmt":"2022-03-24T17:50:06","guid":{"rendered":"https:\/\/notinor.com\/jujuy\/?p=332359"},"modified":"2022-03-24T14:50:09","modified_gmt":"2022-03-24T17:50:09","slug":"somos-lo-que-elegimos-recordar-a-46-anos-del-golpe-de-estado-de-1976","status":"publish","type":"post","link":"https:\/\/notinor.com\/jujuy\/somos-lo-que-elegimos-recordar-a-46-anos-del-golpe-de-estado-de-1976\/","title":{"rendered":"\"Somos lo que elegimos recordar\" a 46 a\u00f1os del golpe de estado de 1976"},"content":{"rendered":"\n<p>Pensar en ese 24 de marzo de 1976 nos hace mirar al pasado con dolor. Ese d\u00eda comenzaba una de las m\u00e1s cruentas dictaduras que sufri\u00f3 nuestro pa\u00eds a lo largo de la historia. En los a\u00f1os que dur\u00f3 esta dictadura, a la que recordamos como la \u00e9poca m\u00e1s oscura de nuestra historia, se realizaron toda clase de abusos, m\u00e1s de 30 mil personas fueron desaparecidas, se secuestr\u00f3, se tortur\u00f3, se llev\u00f3 a cabo el Plan m\u00e1s sangriento que podamos imaginar. <\/p>\n\n\n\n<figure class=\"wp-block-image size-large is-resized\"><img decoding=\"async\" loading=\"lazy\" src=\"https:\/\/notinor.com\/jujuy\/wp-content\/uploads\/2022\/03\/WhatsApp-Image-2022-03-24-at-11.53.50.jpeg\" alt=\"\" class=\"wp-image-332360\" width=\"1086\" height=\"690\"\/><\/figure>\n\n\n\n<p>Nuestros amigos, familiares, vecinos llevados a centros clandestinos de detenci\u00f3n y tantos otros argentinos tuvieron que dejar su tierra, exiliados forzadamente. A\u00f1os negros en los que la violaci\u00f3n de los derechos humanos y el terrorismo de estado era una constante. Hoy, a 46 a\u00f1os de ese d\u00eda conmemoramos y mantenemos vivos a nuestros hermanos para siempre en nuestra memoria y en el coraz\u00f3n de cada argentino. Hoy, ya instituido oficialmente el D\u00eda Nacional de la Memoria por la Verdad y la Justicia, vamos a hacer un minuto de silencio donde estemos, vamos a recordar cu\u00e1nto nos cost\u00f3 esta DEMOCRACIA para no perder nunca el norte y defenderla, para siempre, como el bien m\u00e1s preciado. <\/p>\n\n\n\n<p>Ese periodo de los a\u00f1os crueles que dejaron un pa\u00eds desgarrado, empobrecido, mutilado, arrasado por la violencia no comenz\u00f3 con el golpe de estado de 1976. La organizaci\u00f3n terrorista denominada triple A (Alianza Anticomunista Argentina) hab\u00eda comenzado sus actividades ilegales firmadas el 21 de noviembre de 1973 con el atentado al dirigente radical Hipolito Solari Yrigoyen. Esta organizaci\u00f3n estaba dirigida por Jos\u00e9 L\u00f3pez Rega ministro de bienestar social. <\/p>\n\n\n\n<p>Sus actividades s\u00e9 encuadraban en el terrorismo de Estado ya que sus miembros actuaban desde las esferas of\u00edciales amparados por una total impunidad. Sus delitos han sido catalogados por la justicia federal como de lesa humanidad y sus victimas fueron pol\u00edticos, intelectuales, legisladores, dirigentes sind\u00edcales no oficialistas, de tendencia progresista, cr\u00edticos del gobierno..Vamos a seguir trabajando por la uni\u00f3n de los argentinos porque todos sabemos con los dolores que cargamos y eso nos tiene que hacer cada vez m\u00e1s fuertes para seguir luchando: \u201cTenemos una meta: La vida, la justicia y la libertad. Tenemos un m\u00e9todo para conseguirlo: La democracia\u201d Ra\u00fal Alfons\u00edn.<\/p>\n\n\n\n<p><br>Mario Pizarro Secretario de derechos humanos Comite Provincia Union C\u00edvica Radical.<\/p>\n","protected":false},"excerpt":{"rendered":"<p>Pensar en ese 24 de marzo de 1976 nos hace mirar al pasado con dolor. Ese d\u00eda comenzaba una de las m\u00e1s cruentas dictaduras que sufri\u00f3 nuestro pa\u00eds a lo largo de la historia. En los a\u00f1os que dur\u00f3 esta dictadura, a la que recordamos como la \u00e9poca m\u00e1s oscura de nuestra historia, se realizaron [&hellip;]<\/p>\n","protected":false},"author":40,"featured_media":332361,"comment_status":"open","ping_status":"open","sticky":false,"template":"","format":"standard","meta":{"_stopmodifiedupdate":false,"_modified_date":"","inline_featured_image":false,"spay_email":"","jetpack_publicize_message":""},"categories":[5],"tags":[],"jetpack_featured_media_url":"https:\/\/notinor.com\/jujuy\/wp-content\/uploads\/2022\/03\/WhatsApp-Image-2022-03-24-at-11.53.50-1.jpeg","jetpack_publicize_connections":[],"_links":{"self":[{"href":"https:\/\/notinor.com\/jujuy\/wp-json\/wp\/v2\/posts\/332359"}],"collection":[{"href":"https:\/\/notinor.com\/jujuy\/wp-json\/wp\/v2\/posts"}],"about":[{"href":"https:\/\/notinor.com\/jujuy\/wp-json\/wp\/v2\/types\/post"}],"author":[{"embeddable":true,"href":"https:\/\/notinor.com\/jujuy\/wp-json\/wp\/v2\/users\/40"}],"replies":[{"embeddable":true,"href":"https:\/\/notinor.com\/jujuy\/wp-json\/wp\/v2\/comments?post=332359"}],"version-history":[{"count":1,"href":"https:\/\/notinor.com\/jujuy\/wp-json\/wp\/v2\/posts\/332359\/revisions"}],"predecessor-version":[{"id":332362,"href":"https:\/\/notinor.com\/jujuy\/wp-json\/wp\/v2\/posts\/332359\/revisions\/332362"}],"wp:featuredmedia":[{"embeddable":true,"href":"https:\/\/notinor.com\/jujuy\/wp-json\/wp\/v2\/media\/332361"}],"wp:attachment":[{"href":"https:\/\/notinor.com\/jujuy\/wp-json\/wp\/v2\/media?parent=332359"}],"wp:term":[{"taxonomy":"category","embeddable":true,"href":"https:\/\/notinor.com\/jujuy\/wp-json\/wp\/v2\/categories?post=332359"},{"taxonomy":"post_tag","embeddable":true,"href":"https:\/\/notinor.com\/jujuy\/wp-json\/wp\/v2\/tags?post=332359"}],"curies":[{"name":"wp","href":"https:\/\/api.w.org\/{rel}","templated":true}]}}