{"id":327063,"date":"2022-01-31T21:35:24","date_gmt":"2022-02-01T00:35:24","guid":{"rendered":"https:\/\/notinor.com\/jujuy\/?p=327063"},"modified":"2022-01-31T21:35:29","modified_gmt":"2022-02-01T00:35:29","slug":"en-jujuy-confirmaron-339-nuevos-contagios-y-3-muertes-por-covid-en-24-horas","status":"publish","type":"post","link":"https:\/\/notinor.com\/jujuy\/en-jujuy-confirmaron-339-nuevos-contagios-y-3-muertes-por-covid-en-24-horas\/","title":{"rendered":"En Jujuy, confirmaron 339 nuevos contagios y 3 muertes por Covid en 24 horas"},"content":{"rendered":"\n<p class=\"has-medium-font-size\"><strong><em>La Subdirecci\u00f3n de Epidemiolog\u00eda informa en su Reporte diario que hoy se confirmaron 339 nuevos casos de COVID-19 en Jujuy y recibieron el Alta M\u00e9dica 1.488 pacientes.<\/em><\/strong><\/p>\n\n\n\n<div class=\"wp-block-image\"><figure class=\"aligncenter size-large\"><img decoding=\"async\" loading=\"lazy\" width=\"800\" height=\"450\" src=\"https:\/\/notinor.com\/jujuy\/wp-content\/uploads\/2022\/01\/coronavirus-jujuy-9.jpg\" alt=\"\" class=\"wp-image-327064\" srcset=\"https:\/\/notinor.com\/jujuy\/wp-content\/uploads\/2022\/01\/coronavirus-jujuy-9.jpg 800w, https:\/\/notinor.com\/jujuy\/wp-content\/uploads\/2022\/01\/coronavirus-jujuy-9-649x365.jpg 649w, https:\/\/notinor.com\/jujuy\/wp-content\/uploads\/2022\/01\/coronavirus-jujuy-9-500x280.jpg 500w, https:\/\/notinor.com\/jujuy\/wp-content\/uploads\/2022\/01\/coronavirus-jujuy-9-768x432.jpg 768w, https:\/\/notinor.com\/jujuy\/wp-content\/uploads\/2022\/01\/coronavirus-jujuy-9-750x422.jpg 750w\" sizes=\"(max-width: 800px) 100vw, 800px\" \/><\/figure><\/div>\n\n\n\n<p><strong>Detalle de casos positivos seg\u00fan localidad:<\/strong><\/p>\n\n\n\n<ul><li>SAN SALVADOR DE JUJUY 219<\/li><li>PALPAL\u00c1 34<\/li><li>CALILEGUA 16<\/li><li>SAN PEDRO 11<\/li><li>LIBERTADOR GENERAL SAN MART\u00cdN 6<\/li><li>HUMAHUACA 6<\/li><li>YALA 5<\/li><li>EL CARMEN 5<\/li><li>PERICO 4<\/li><li>LA MENDIETA 4<\/li><li>TILCARA 2<\/li><li>SUSQUES 2<\/li><li>PUESTO VIEJO 2<\/li><li>MONTERRICO 2<\/li><li>LOZANO 2<\/li><li>AGUAS CALIENTES 2<\/li><li>ABRA PAMPA 2<\/li><li>VOLC\u00c1N 1<\/li><li>SANTUARIO DE TRES POZOS 1<\/li><li>SAN PABLO DE REYES 1<\/li><li>SAN ANTONIO 1<\/li><li>RODEITO 1<\/li><li>RINCONADILLAS 1<\/li><li>PASTOS CHICOS 1<\/li><li>MAIMAR\u00c1 1<\/li><li>LE\u00d3N 1<\/li><li>HUANCAR 1<\/li><li>GUERRERO 1<\/li><li>EL MORENO 1<\/li><li>EL AGUILAR 1<\/li><li>COCTACA 1<\/li><li>BARCENA 1<\/li><\/ul>\n\n\n\n<p class=\"has-medium-font-size\"><strong>Estado de situaci\u00f3n desde el inicio de la pandemia:<\/strong><\/p>\n\n\n\n<p>Hasta el momento se realizaron 361.692 tests en toda la Provincia, arrojando un total de 101.911 casos positivos. Se recuperaron de la enfermedad 93.045. Fallecieron 1.657 personas.<\/p>\n\n\n\n<p>Se notific\u00f3 3 fallecimientos por Covid-19: dos hombres y una mujer entre 55 y 72 a\u00f1os de edad. Cabe aclarar que los fallecimientos son reportados e informados por el Registro Civil de la Provincia de Jujuy y corresponden a d\u00edas anteriores. <\/p>\n\n\n\n<p>El Gobierno de Jujuy lamenta la p\u00e9rdida y acompa\u00f1a con profundo dolor a las familias. Ante el m\u00ednimo s\u00edntoma que tengas, quedate en casa y consult\u00e1 con tu m\u00e9dico de cabecera o pod\u00e9s llamar al 0800-888-4767 las 24 horas o al 388 -4310494 (COE) de 08.00 a 20.00 hs.<\/p>\n","protected":false},"excerpt":{"rendered":"<p>La Subdirecci\u00f3n de Epidemiolog\u00eda informa en su Reporte diario que hoy se confirmaron 339 nuevos casos de COVID-19 en Jujuy y recibieron el Alta M\u00e9dica 1.488 pacientes. Detalle de casos positivos seg\u00fan localidad: SAN SALVADOR DE JUJUY 219 PALPAL\u00c1 34 CALILEGUA 16 SAN PEDRO 11 LIBERTADOR GENERAL SAN MART\u00cdN 6 HUMAHUACA 6 YALA 5 EL [&hellip;]<\/p>\n","protected":false},"author":49,"featured_media":327064,"comment_status":"open","ping_status":"open","sticky":false,"template":"","format":"standard","meta":{"_stopmodifiedupdate":false,"_modified_date":"","inline_featured_image":false},"categories":[2,514],"tags":[],"jetpack_featured_media_url":"https:\/\/notinor.com\/jujuy\/wp-content\/uploads\/2022\/01\/coronavirus-jujuy-9.jpg","_links":{"self":[{"href":"https:\/\/notinor.com\/jujuy\/wp-json\/wp\/v2\/posts\/327063"}],"collection":[{"href":"https:\/\/notinor.com\/jujuy\/wp-json\/wp\/v2\/posts"}],"about":[{"href":"https:\/\/notinor.com\/jujuy\/wp-json\/wp\/v2\/types\/post"}],"author":[{"embeddable":true,"href":"https:\/\/notinor.com\/jujuy\/wp-json\/wp\/v2\/users\/49"}],"replies":[{"embeddable":true,"href":"https:\/\/notinor.com\/jujuy\/wp-json\/wp\/v2\/comments?post=327063"}],"version-history":[{"count":1,"href":"https:\/\/notinor.com\/jujuy\/wp-json\/wp\/v2\/posts\/327063\/revisions"}],"predecessor-version":[{"id":327065,"href":"https:\/\/notinor.com\/jujuy\/wp-json\/wp\/v2\/posts\/327063\/revisions\/327065"}],"wp:featuredmedia":[{"embeddable":true,"href":"https:\/\/notinor.com\/jujuy\/wp-json\/wp\/v2\/media\/327064"}],"wp:attachment":[{"href":"https:\/\/notinor.com\/jujuy\/wp-json\/wp\/v2\/media?parent=327063"}],"wp:term":[{"taxonomy":"category","embeddable":true,"href":"https:\/\/notinor.com\/jujuy\/wp-json\/wp\/v2\/categories?post=327063"},{"taxonomy":"post_tag","embeddable":true,"href":"https:\/\/notinor.com\/jujuy\/wp-json\/wp\/v2\/tags?post=327063"}],"curies":[{"name":"wp","href":"https:\/\/api.w.org\/{rel}","templated":true}]}}