{"id":327060,"date":"2022-01-31T21:11:33","date_gmt":"2022-02-01T00:11:33","guid":{"rendered":"https:\/\/notinor.com\/jujuy\/?p=327060"},"modified":"2022-01-31T21:11:39","modified_gmt":"2022-02-01T00:11:39","slug":"horario-reducido-en-el-centro-de-emision-de-licencia-de-conducir","status":"publish","type":"post","link":"https:\/\/notinor.com\/jujuy\/horario-reducido-en-el-centro-de-emision-de-licencia-de-conducir\/","title":{"rendered":"Horario reducido en el Centro de Emisi\u00f3n de Licencia de Conducir"},"content":{"rendered":"\n<p class=\"has-medium-font-size\"><strong><em>La Municipalidad de San Antonio informa que, debido a la temporada vacacional, ha modificado los horarios de atenci\u00f3n al p\u00fablico. <\/em><\/strong><\/p>\n\n\n\n<div class=\"wp-block-image\"><figure class=\"aligncenter size-large\"><img decoding=\"async\" loading=\"lazy\" width=\"800\" height=\"450\" src=\"https:\/\/notinor.com\/jujuy\/wp-content\/uploads\/2022\/01\/licencia-de-conducir.jpeg\" alt=\"\" class=\"wp-image-327061\" srcset=\"https:\/\/notinor.com\/jujuy\/wp-content\/uploads\/2022\/01\/licencia-de-conducir.jpeg 800w, https:\/\/notinor.com\/jujuy\/wp-content\/uploads\/2022\/01\/licencia-de-conducir-649x365.jpeg 649w, https:\/\/notinor.com\/jujuy\/wp-content\/uploads\/2022\/01\/licencia-de-conducir-500x280.jpeg 500w, https:\/\/notinor.com\/jujuy\/wp-content\/uploads\/2022\/01\/licencia-de-conducir-768x432.jpeg 768w, https:\/\/notinor.com\/jujuy\/wp-content\/uploads\/2022\/01\/licencia-de-conducir-750x422.jpeg 750w\" sizes=\"(max-width: 800px) 100vw, 800px\" \/><\/figure><\/div>\n\n\n\n<p>Es el caso del Centro de Emisi\u00f3n de Licencia de Conducir (CELC) que, a partir del 1 de febrero, atender\u00e1 en horario reducido y por todo el mes, de lunes a viernes de 07:00 a 13:00 horas.<\/p>\n","protected":false},"excerpt":{"rendered":"<p>La Municipalidad de San Antonio informa que, debido a la temporada vacacional, ha modificado los horarios de atenci\u00f3n al p\u00fablico. Es el caso del Centro de Emisi\u00f3n de Licencia de Conducir (CELC) que, a partir del 1 de febrero, atender\u00e1 en horario reducido y por todo el mes, de lunes a viernes de 07:00 a [&hellip;]<\/p>\n","protected":false},"author":49,"featured_media":327061,"comment_status":"open","ping_status":"open","sticky":false,"template":"","format":"standard","meta":{"_stopmodifiedupdate":false,"_modified_date":"","inline_featured_image":false},"categories":[4],"tags":[],"jetpack_featured_media_url":"https:\/\/notinor.com\/jujuy\/wp-content\/uploads\/2022\/01\/licencia-de-conducir.jpeg","_links":{"self":[{"href":"https:\/\/notinor.com\/jujuy\/wp-json\/wp\/v2\/posts\/327060"}],"collection":[{"href":"https:\/\/notinor.com\/jujuy\/wp-json\/wp\/v2\/posts"}],"about":[{"href":"https:\/\/notinor.com\/jujuy\/wp-json\/wp\/v2\/types\/post"}],"author":[{"embeddable":true,"href":"https:\/\/notinor.com\/jujuy\/wp-json\/wp\/v2\/users\/49"}],"replies":[{"embeddable":true,"href":"https:\/\/notinor.com\/jujuy\/wp-json\/wp\/v2\/comments?post=327060"}],"version-history":[{"count":1,"href":"https:\/\/notinor.com\/jujuy\/wp-json\/wp\/v2\/posts\/327060\/revisions"}],"predecessor-version":[{"id":327062,"href":"https:\/\/notinor.com\/jujuy\/wp-json\/wp\/v2\/posts\/327060\/revisions\/327062"}],"wp:featuredmedia":[{"embeddable":true,"href":"https:\/\/notinor.com\/jujuy\/wp-json\/wp\/v2\/media\/327061"}],"wp:attachment":[{"href":"https:\/\/notinor.com\/jujuy\/wp-json\/wp\/v2\/media?parent=327060"}],"wp:term":[{"taxonomy":"category","embeddable":true,"href":"https:\/\/notinor.com\/jujuy\/wp-json\/wp\/v2\/categories?post=327060"},{"taxonomy":"post_tag","embeddable":true,"href":"https:\/\/notinor.com\/jujuy\/wp-json\/wp\/v2\/tags?post=327060"}],"curies":[{"name":"wp","href":"https:\/\/api.w.org\/{rel}","templated":true}]}}