{"id":327055,"date":"2022-01-31T20:51:47","date_gmt":"2022-01-31T23:51:47","guid":{"rendered":"https:\/\/notinor.com\/jujuy\/?p=327055"},"modified":"2022-01-31T20:51:52","modified_gmt":"2022-01-31T23:51:52","slug":"gaston-benavidez-es-refuerzo-de-talleres-de-cordoba","status":"publish","type":"post","link":"https:\/\/notinor.com\/jujuy\/gaston-benavidez-es-refuerzo-de-talleres-de-cordoba\/","title":{"rendered":"Gast\u00f3n Benav\u00eddez es refuerzo de Talleres de C\u00f3rdoba"},"content":{"rendered":"\n<p class=\"has-medium-font-size\"><strong><em>La Comisi\u00f3n Directiva informa que Gast\u00f3n Am\u00e9rico Benav\u00eddez es nuevo refuerzo del plantel superior de Talleres.<\/em><\/strong><\/p>\n\n\n\n<div class=\"wp-block-image\"><figure class=\"aligncenter size-large\"><img decoding=\"async\" loading=\"lazy\" width=\"718\" height=\"430\" src=\"https:\/\/notinor.com\/jujuy\/wp-content\/uploads\/2022\/01\/gaston-benavidez.jpeg\" alt=\"\" class=\"wp-image-327056\" srcset=\"https:\/\/notinor.com\/jujuy\/wp-content\/uploads\/2022\/01\/gaston-benavidez.jpeg 718w, https:\/\/notinor.com\/jujuy\/wp-content\/uploads\/2022\/01\/gaston-benavidez-609x365.jpeg 609w\" sizes=\"(max-width: 718px) 100vw, 718px\" \/><\/figure><\/div>\n\n\n\n<p>Gast\u00f3n naci\u00f3 el 23 de octubre de 1995 en Morteros, provincia de C\u00f3rdoba. El defensor de 26 a\u00f1os se inici\u00f3 futbol\u00edsticamente en Tiro Federal de Morteros y luego fue transferido a Estudiantes de R\u00edo Cuarto, instituci\u00f3n en la que jug\u00f3 76 partidos y convirti\u00f3 1 gol.<\/p>\n\n\n\n<p>En la \u00faltima temporada visti\u00f3 la camiseta de Arsenal de Sarand\u00ed. En el equipo del Viaducto disput\u00f3 29 cotejos, entre Liga Profesional y Copa Sudamericana.<\/p>\n\n\n\n<p>Gast\u00f3n Benav\u00eddez se vincula a la instituci\u00f3n a pr\u00e9stamo, por un a\u00f1o, con opci\u00f3n de compra.<\/p>\n","protected":false},"excerpt":{"rendered":"<p>La Comisi\u00f3n Directiva informa que Gast\u00f3n Am\u00e9rico Benav\u00eddez es nuevo refuerzo del plantel superior de Talleres. Gast\u00f3n naci\u00f3 el 23 de octubre de 1995 en Morteros, provincia de C\u00f3rdoba. El defensor de 26 a\u00f1os se inici\u00f3 futbol\u00edsticamente en Tiro Federal de Morteros y luego fue transferido a Estudiantes de R\u00edo Cuarto, instituci\u00f3n en la que [&hellip;]<\/p>\n","protected":false},"author":49,"featured_media":327056,"comment_status":"open","ping_status":"open","sticky":false,"template":"","format":"standard","meta":{"_stopmodifiedupdate":false,"_modified_date":"","inline_featured_image":false},"categories":[7],"tags":[],"jetpack_featured_media_url":"https:\/\/notinor.com\/jujuy\/wp-content\/uploads\/2022\/01\/gaston-benavidez.jpeg","_links":{"self":[{"href":"https:\/\/notinor.com\/jujuy\/wp-json\/wp\/v2\/posts\/327055"}],"collection":[{"href":"https:\/\/notinor.com\/jujuy\/wp-json\/wp\/v2\/posts"}],"about":[{"href":"https:\/\/notinor.com\/jujuy\/wp-json\/wp\/v2\/types\/post"}],"author":[{"embeddable":true,"href":"https:\/\/notinor.com\/jujuy\/wp-json\/wp\/v2\/users\/49"}],"replies":[{"embeddable":true,"href":"https:\/\/notinor.com\/jujuy\/wp-json\/wp\/v2\/comments?post=327055"}],"version-history":[{"count":1,"href":"https:\/\/notinor.com\/jujuy\/wp-json\/wp\/v2\/posts\/327055\/revisions"}],"predecessor-version":[{"id":327057,"href":"https:\/\/notinor.com\/jujuy\/wp-json\/wp\/v2\/posts\/327055\/revisions\/327057"}],"wp:featuredmedia":[{"embeddable":true,"href":"https:\/\/notinor.com\/jujuy\/wp-json\/wp\/v2\/media\/327056"}],"wp:attachment":[{"href":"https:\/\/notinor.com\/jujuy\/wp-json\/wp\/v2\/media?parent=327055"}],"wp:term":[{"taxonomy":"category","embeddable":true,"href":"https:\/\/notinor.com\/jujuy\/wp-json\/wp\/v2\/categories?post=327055"},{"taxonomy":"post_tag","embeddable":true,"href":"https:\/\/notinor.com\/jujuy\/wp-json\/wp\/v2\/tags?post=327055"}],"curies":[{"name":"wp","href":"https:\/\/api.w.org\/{rel}","templated":true}]}}