{"id":326153,"date":"2022-01-21T22:09:51","date_gmt":"2022-01-22T01:09:51","guid":{"rendered":"https:\/\/notinor.com\/jujuy\/?p=326153"},"modified":"2022-01-21T22:09:56","modified_gmt":"2022-01-22T01:09:56","slug":"xx-festival-del-queso-y-de-la-cabra-en-chorrillos","status":"publish","type":"post","link":"https:\/\/notinor.com\/jujuy\/xx-festival-del-queso-y-de-la-cabra-en-chorrillos\/","title":{"rendered":"XX Festival del Queso y de la Cabra en Chorrillos"},"content":{"rendered":"\n<p class=\"has-medium-font-size\"><strong><em>La Municipalidad de Humahuaca invita a participar del XX Edici\u00f3n del Festival del Queso y de la Cabra en la Localidad de Chorrillos, uno de los Festivales m\u00e1s importantes del Alborozo Humahuaque\u00f1o. <\/em><\/strong><\/p>\n\n\n\n<div class=\"wp-block-image\"><figure class=\"aligncenter size-large\"><img decoding=\"async\" loading=\"lazy\" width=\"466\" height=\"480\" src=\"https:\/\/notinor.com\/jujuy\/wp-content\/uploads\/2022\/01\/festival-del-queso-y-de-la-cabra-466x480.jpeg\" alt=\"\" class=\"wp-image-326154\" srcset=\"https:\/\/notinor.com\/jujuy\/wp-content\/uploads\/2022\/01\/festival-del-queso-y-de-la-cabra-466x480.jpeg 466w, https:\/\/notinor.com\/jujuy\/wp-content\/uploads\/2022\/01\/festival-del-queso-y-de-la-cabra-354x365.jpeg 354w, https:\/\/notinor.com\/jujuy\/wp-content\/uploads\/2022\/01\/festival-del-queso-y-de-la-cabra.jpeg 600w\" sizes=\"(max-width: 466px) 100vw, 466px\" \/><\/figure><\/div>\n\n\n\n<p>La cita es ma\u00f1ana s\u00e1bado 22 de enero desde horas 10:30, con la participaci\u00f3n de: Copleros y Erquencheros, Solistas, D\u00faos, Cuadrillas y Muchos m\u00e1s.. Concurso de los mejores Queso, Cabra Lechera, Chivo Reproductor.-<\/p>\n","protected":false},"excerpt":{"rendered":"<p>La Municipalidad de Humahuaca invita a participar del XX Edici\u00f3n del Festival del Queso y de la Cabra en la Localidad de Chorrillos, uno de los Festivales m\u00e1s importantes del Alborozo Humahuaque\u00f1o. La cita es ma\u00f1ana s\u00e1bado 22 de enero desde horas 10:30, con la participaci\u00f3n de: Copleros y Erquencheros, Solistas, D\u00faos, Cuadrillas y Muchos [&hellip;]<\/p>\n","protected":false},"author":49,"featured_media":326154,"comment_status":"open","ping_status":"open","sticky":false,"template":"","format":"standard","meta":{"_stopmodifiedupdate":false,"_modified_date":"","inline_featured_image":false,"spay_email":"","jetpack_publicize_message":""},"categories":[4],"tags":[],"jetpack_featured_media_url":"https:\/\/notinor.com\/jujuy\/wp-content\/uploads\/2022\/01\/festival-del-queso-y-de-la-cabra.jpeg","jetpack_publicize_connections":[],"_links":{"self":[{"href":"https:\/\/notinor.com\/jujuy\/wp-json\/wp\/v2\/posts\/326153"}],"collection":[{"href":"https:\/\/notinor.com\/jujuy\/wp-json\/wp\/v2\/posts"}],"about":[{"href":"https:\/\/notinor.com\/jujuy\/wp-json\/wp\/v2\/types\/post"}],"author":[{"embeddable":true,"href":"https:\/\/notinor.com\/jujuy\/wp-json\/wp\/v2\/users\/49"}],"replies":[{"embeddable":true,"href":"https:\/\/notinor.com\/jujuy\/wp-json\/wp\/v2\/comments?post=326153"}],"version-history":[{"count":1,"href":"https:\/\/notinor.com\/jujuy\/wp-json\/wp\/v2\/posts\/326153\/revisions"}],"predecessor-version":[{"id":326155,"href":"https:\/\/notinor.com\/jujuy\/wp-json\/wp\/v2\/posts\/326153\/revisions\/326155"}],"wp:featuredmedia":[{"embeddable":true,"href":"https:\/\/notinor.com\/jujuy\/wp-json\/wp\/v2\/media\/326154"}],"wp:attachment":[{"href":"https:\/\/notinor.com\/jujuy\/wp-json\/wp\/v2\/media?parent=326153"}],"wp:term":[{"taxonomy":"category","embeddable":true,"href":"https:\/\/notinor.com\/jujuy\/wp-json\/wp\/v2\/categories?post=326153"},{"taxonomy":"post_tag","embeddable":true,"href":"https:\/\/notinor.com\/jujuy\/wp-json\/wp\/v2\/tags?post=326153"}],"curies":[{"name":"wp","href":"https:\/\/api.w.org\/{rel}","templated":true}]}}