{"id":326151,"date":"2022-01-21T21:23:03","date_gmt":"2022-01-22T00:23:03","guid":{"rendered":"https:\/\/notinor.com\/jujuy\/?p=326151"},"modified":"2022-01-21T21:23:06","modified_gmt":"2022-01-22T00:23:06","slug":"jujuy-preocupa-la-baja-vacunacion-de-ninos-en-edad-escolar","status":"publish","type":"post","link":"https:\/\/notinor.com\/jujuy\/jujuy-preocupa-la-baja-vacunacion-de-ninos-en-edad-escolar\/","title":{"rendered":"Jujuy: preocupa la baja vacunaci\u00f3n de ni\u00f1os en edad escolar"},"content":{"rendered":"\n<p class=\"has-medium-font-size\"><strong><em>La ministra de Educaci\u00f3n, Mar\u00eda Teresa Bovi, comunic\u00f3 los porcentajes de vacunaci\u00f3n en el contexto educativo y alert\u00f3 a las familias juje\u00f1as sobre los bajos \u00edndices de vacunados que presentan estudiantes de los niveles Inicial y Primario.<\/em><\/strong><\/p>\n\n\n\n<div class=\"wp-block-image\"><figure class=\"aligncenter size-large\"><img decoding=\"async\" loading=\"lazy\" width=\"800\" height=\"450\" src=\"https:\/\/notinor.com\/jujuy\/wp-content\/uploads\/2022\/01\/vacunacion-covid-ni\u00f1os.jpg\" alt=\"\" class=\"wp-image-324689\" srcset=\"https:\/\/notinor.com\/jujuy\/wp-content\/uploads\/2022\/01\/vacunacion-covid-ni\u00f1os.jpg 800w, https:\/\/notinor.com\/jujuy\/wp-content\/uploads\/2022\/01\/vacunacion-covid-ni\u00f1os-649x365.jpg 649w, https:\/\/notinor.com\/jujuy\/wp-content\/uploads\/2022\/01\/vacunacion-covid-ni\u00f1os-500x280.jpg 500w, https:\/\/notinor.com\/jujuy\/wp-content\/uploads\/2022\/01\/vacunacion-covid-ni\u00f1os-768x432.jpg 768w, https:\/\/notinor.com\/jujuy\/wp-content\/uploads\/2022\/01\/vacunacion-covid-ni\u00f1os-750x422.jpg 750w\" sizes=\"(max-width: 800px) 100vw, 800px\" \/><\/figure><\/div>\n\n\n\n<p>Ante la preocupante cantidad de ni\u00f1os, ni\u00f1as y adolescentes que contin\u00faan sin acceder al esquema de vacunaci\u00f3n contra el Covid- 19, la titular de la cartera educativa, insisti\u00f3 a padres, madres y tutores a acudir a los centros de vacunaci\u00f3n habilitados para asegurar la inoculaci\u00f3n de los menores.<\/p>\n\n\n\n<p>En comparaci\u00f3n al 18% de estudiantes adultos sin vacunarse, la Ministra enfatiz\u00f3 sobre el elevado n\u00famero de ni\u00f1os y ni\u00f1as que no recibieron ninguna dosis, y que a la fecha presenta el mayor porcentaje con el 49% del total de infantes escolares registrados en el sistema.<\/p>\n\n\n\n<p>Al respecto Bovi precis\u00f3 que \u201cdel total de 195.962 estudiantes registrados en los distintos niveles educativos, 59.051 no est\u00e1n vacunados contra el Covid- 19\u201d, siendo el nivel Inicial el que mayor porcentaje presenta seguido del nivel Primario, con el 32% de adolescentes desprovistos del inoculante contra el virus.<\/p>\n\n\n\n<p>En cuanto al sector docente, la ministra de Educaci\u00f3n inform\u00f3 que \u201cla cantidad de vacunados con la primera, segunda y tercera dosis creci\u00f3\u201d y puntualiz\u00f3 que \u201cdel total de 19.116 docentes solo 468 no recibieron ninguna dosis\u201d y a\u00f1adi\u00f3 que \u201cel cuerpo docente est\u00e1 protegido con las tres dosis, pero el estudiantado no, porque es una decisi\u00f3n de los pap\u00e1s\u201d. <\/p>\n\n\n\n<p>Respecto al inicio de clases, previstas para el 2 de marzo pr\u00f3ximo, Bovi garantiz\u00f3 la presencialidad en las escuelas. \u201cPor ahora la presencialidad es plena porque los docentes est\u00e1n protegidos\u201d indic\u00f3, a su vez inform\u00f3 que \u201cen el caso de que los contagios crezcan se aplicar\u00e1n nuevamente las burbujas y se har\u00e1 llegar el material a estudiantes que tienen dif\u00edcil acceso a la conectividad\u201d.<\/p>\n","protected":false},"excerpt":{"rendered":"<p>La ministra de Educaci\u00f3n, Mar\u00eda Teresa Bovi, comunic\u00f3 los porcentajes de vacunaci\u00f3n en el contexto educativo y alert\u00f3 a las familias juje\u00f1as sobre los bajos \u00edndices de vacunados que presentan estudiantes de los niveles Inicial y Primario. Ante la preocupante cantidad de ni\u00f1os, ni\u00f1as y adolescentes que contin\u00faan sin acceder al esquema de vacunaci\u00f3n contra [&hellip;]<\/p>\n","protected":false},"author":49,"featured_media":324689,"comment_status":"open","ping_status":"open","sticky":false,"template":"","format":"standard","meta":{"_stopmodifiedupdate":false,"_modified_date":"","inline_featured_image":false,"spay_email":"","jetpack_publicize_message":""},"categories":[2,514],"tags":[],"jetpack_featured_media_url":"https:\/\/notinor.com\/jujuy\/wp-content\/uploads\/2022\/01\/vacunacion-covid-ni\u00f1os.jpg","jetpack_publicize_connections":[],"_links":{"self":[{"href":"https:\/\/notinor.com\/jujuy\/wp-json\/wp\/v2\/posts\/326151"}],"collection":[{"href":"https:\/\/notinor.com\/jujuy\/wp-json\/wp\/v2\/posts"}],"about":[{"href":"https:\/\/notinor.com\/jujuy\/wp-json\/wp\/v2\/types\/post"}],"author":[{"embeddable":true,"href":"https:\/\/notinor.com\/jujuy\/wp-json\/wp\/v2\/users\/49"}],"replies":[{"embeddable":true,"href":"https:\/\/notinor.com\/jujuy\/wp-json\/wp\/v2\/comments?post=326151"}],"version-history":[{"count":1,"href":"https:\/\/notinor.com\/jujuy\/wp-json\/wp\/v2\/posts\/326151\/revisions"}],"predecessor-version":[{"id":326152,"href":"https:\/\/notinor.com\/jujuy\/wp-json\/wp\/v2\/posts\/326151\/revisions\/326152"}],"wp:featuredmedia":[{"embeddable":true,"href":"https:\/\/notinor.com\/jujuy\/wp-json\/wp\/v2\/media\/324689"}],"wp:attachment":[{"href":"https:\/\/notinor.com\/jujuy\/wp-json\/wp\/v2\/media?parent=326151"}],"wp:term":[{"taxonomy":"category","embeddable":true,"href":"https:\/\/notinor.com\/jujuy\/wp-json\/wp\/v2\/categories?post=326151"},{"taxonomy":"post_tag","embeddable":true,"href":"https:\/\/notinor.com\/jujuy\/wp-json\/wp\/v2\/tags?post=326151"}],"curies":[{"name":"wp","href":"https:\/\/api.w.org\/{rel}","templated":true}]}}