{"id":326148,"date":"2022-01-21T20:59:56","date_gmt":"2022-01-21T23:59:56","guid":{"rendered":"https:\/\/notinor.com\/jujuy\/?p=326148"},"modified":"2022-01-21T21:00:00","modified_gmt":"2022-01-22T00:00:00","slug":"covid-19-en-argentina-actualizaron-el-criterio-epidemiologico-para-confirmar-casos-positivos","status":"publish","type":"post","link":"https:\/\/notinor.com\/jujuy\/covid-19-en-argentina-actualizaron-el-criterio-epidemiologico-para-confirmar-casos-positivos\/","title":{"rendered":"Covid-19 en Argentina: actualizaron el criterio epidemiol\u00f3gico para confirmar casos positivos"},"content":{"rendered":"\n<p class=\"has-medium-font-size\"><strong><em>La nueva definici\u00f3n establece que se clasificar\u00e1 como caso confirmado toda persona que re\u00fana al menos uno de los criterios epidemiol\u00f3gicos y uno de los criterios cl\u00ednicos establecidos. En esos casos, no har\u00e1 falta testearse para confirmar los contagios.<\/em><\/strong><\/p>\n\n\n\n<div class=\"wp-block-image\"><figure class=\"aligncenter size-large\"><img decoding=\"async\" loading=\"lazy\" width=\"800\" height=\"450\" src=\"https:\/\/notinor.com\/jujuy\/wp-content\/uploads\/2022\/01\/carla-vizzotti.jpg\" alt=\"\" class=\"wp-image-326149\" srcset=\"https:\/\/notinor.com\/jujuy\/wp-content\/uploads\/2022\/01\/carla-vizzotti.jpg 800w, https:\/\/notinor.com\/jujuy\/wp-content\/uploads\/2022\/01\/carla-vizzotti-649x365.jpg 649w, https:\/\/notinor.com\/jujuy\/wp-content\/uploads\/2022\/01\/carla-vizzotti-500x280.jpg 500w, https:\/\/notinor.com\/jujuy\/wp-content\/uploads\/2022\/01\/carla-vizzotti-768x432.jpg 768w, https:\/\/notinor.com\/jujuy\/wp-content\/uploads\/2022\/01\/carla-vizzotti-750x422.jpg 750w\" sizes=\"(max-width: 800px) 100vw, 800px\" \/><figcaption>Ministra de Salud de la Naci\u00f3n, Carla Vizzotti<\/figcaption><\/figure><\/div>\n\n\n\n<p>En medio de la extendida ola de contagios de COVID-19 a partir de la llegada de la cepa \u00d3micron, el Ministerio de Salud decidi\u00f3 establecer una nueva definici\u00f3n para la confirmaci\u00f3n de casos de COVID-19 por criterio cl\u00ednico y epidemiol\u00f3gico. Tambi\u00e9n, preocupado por la inminencia del comienzo de las clases, impulsar\u00e1 acciones junto a las provincias para avanzar con mayor \u00edmpetu en la vacunaci\u00f3n de ni\u00f1os y adolescentes. Con m\u00e1s de 100.000 contagios diarios, busca evitar tomar medidas restrictivas que impidan la presencialidad despu\u00e9s de los fuertes cuestionamientos de los \u00faltimos dos a\u00f1os.<\/p>\n\n\n\n<p>Las decisiones se tomaron despu\u00e9s del Consejo Federal de Salud (COFESA) que se celebr\u00f3 esta tarde, encabezado por la ministra Carla Vizzotti, del que participaron sus pares provinciales. Se trat\u00f3 del tercer encuentro de los titulares de las carteras sanitarias este mes. \u201cSe va a ampliar la formulaci\u00f3n del criterio epidemiol\u00f3gico para confirmar un caso COVID-19\u2033, adelantaron fuentes oficiales a este medio. Y agregaron que se va a dar \u201cimpulso y coordinaci\u00f3n a las \u00e1reas de Salud y Educaci\u00f3n, a nivel provincial, para acelerar vacunaci\u00f3n de cara al ciclo lectivo\u201d.<\/p>\n\n\n\n<p>La nueva definici\u00f3n establece que se clasificar\u00e1 como caso confirmado toda persona que re\u00fana al menos uno de los criterios epidemiol\u00f3gicos y uno de los criterios cl\u00ednicos establecidos.<\/p>\n\n\n\n<p>As\u00ed, toda persona que haya tenido contacto estrecho con un caso confirmado en los \u00faltimos 10 d\u00edas; o que haya participado de un evento o espacio social\/laboral en el cual se haya producido al menos 3 casos confirmados (brote); o que resida en una zona con muy alta incidencia (superior a 500 casos cada 100 mil habitantes en los \u00faltimos 14 d\u00edas) y que presente dos o m\u00e1s s\u00edntomas (fiebre, tos, dolor de garganta, dificultad para respirar, v\u00f3mitos\/diarrea\/dolor de cabeza\/dolor muscular) o p\u00e9rdida repentina del gusto\/olfato, se considerar\u00e1 caso confirmado de esta enfermedad.<\/p>\n\n\n\n<p>La cantidad de casos super\u00f3 los 120.000 contagios diarios esta semana y los centros de testeo est\u00e1n colapsados. Adem\u00e1s, faltan insumos para hisopados. Desde el Gobierno vienen impulsando medidas orientadas a relajar las medidas para aquellas personas que est\u00e1n vacunadas con esquemas completos -dos dosis- y con refuerzo, y buscan que no todos aquellos que tengan s\u00edntomas tengan que testearse.<\/p>\n\n\n\n<p>A comienzos de enero, el Gobierno ya hab\u00eda definido modificar las exigencias del Estado a los ciudadanos para disminuir la tensi\u00f3n en los centros de testeo. Entonces determinaron que no se hisope m\u00e1s a contactos estrechos, presentaran o no s\u00edntomas. D\u00edas atr\u00e1s, el ministro de Salud bonaerense, Nicol\u00e1s Kreplak, hab\u00eda deslizado que era innecesario seguir contando los casos. Por ahora en la Naci\u00f3n descartan frenar el conteo.<\/p>\n\n\n\n<p>Adem\u00e1s, en el \u00faltimo encuentro del COFESA, hace 10 d\u00edas, Vizzotti hab\u00eda modificado los criterios de cumplimiento del aislamiento de los contactos estrechos de casos confirmados de COVID-19 seg\u00fan su estado de vacunaci\u00f3n. Recomend\u00f3, entonces, que los contactos estrechos que tengan aplicada la tercera dosis desde hace m\u00e1s de 14 d\u00edas y no presenten s\u00edntomas, queden ser\u00e1n eximidos del aislamiento obligatorio. Hab\u00eda fuertes reclamos de parte del sector privado por los altos niveles de ausentismo que frenaban la actividad en distintas \u00e1reas, muchas ya golpeadas por la fuerte crisis econ\u00f3mica.<\/p>\n\n\n\n<p>Ahora el Gobierno dio un paso m\u00e1s en el relajamiento de las mediciones, enmarcado en un momento de la pandemia que la propia ministra consider\u00f3 d\u00edas atr\u00e1s como parte de un \u201cproceso\u201d hacia una etapa end\u00e9mica \u201cpor la cantidad de personas que desarrollan inmunidad por el virus\u201d. Aunque record\u00f3, en di\u00e1logo con la agencia T\u00e9lam, que esto podr\u00eda demorarse debido a la eventual emergencia de una nueva variante \u201cque nos complique\u201d.<\/p>\n","protected":false},"excerpt":{"rendered":"<p>La nueva definici\u00f3n establece que se clasificar\u00e1 como caso confirmado toda persona que re\u00fana al menos uno de los criterios epidemiol\u00f3gicos y uno de los criterios cl\u00ednicos establecidos. En esos casos, no har\u00e1 falta testearse para confirmar los contagios. En medio de la extendida ola de contagios de COVID-19 a partir de la llegada de [&hellip;]<\/p>\n","protected":false},"author":49,"featured_media":326149,"comment_status":"open","ping_status":"open","sticky":false,"template":"","format":"standard","meta":{"_stopmodifiedupdate":false,"_modified_date":"","inline_featured_image":false,"spay_email":"","jetpack_publicize_message":""},"categories":[2,5],"tags":[],"jetpack_featured_media_url":"https:\/\/notinor.com\/jujuy\/wp-content\/uploads\/2022\/01\/carla-vizzotti.jpg","jetpack_publicize_connections":[],"_links":{"self":[{"href":"https:\/\/notinor.com\/jujuy\/wp-json\/wp\/v2\/posts\/326148"}],"collection":[{"href":"https:\/\/notinor.com\/jujuy\/wp-json\/wp\/v2\/posts"}],"about":[{"href":"https:\/\/notinor.com\/jujuy\/wp-json\/wp\/v2\/types\/post"}],"author":[{"embeddable":true,"href":"https:\/\/notinor.com\/jujuy\/wp-json\/wp\/v2\/users\/49"}],"replies":[{"embeddable":true,"href":"https:\/\/notinor.com\/jujuy\/wp-json\/wp\/v2\/comments?post=326148"}],"version-history":[{"count":1,"href":"https:\/\/notinor.com\/jujuy\/wp-json\/wp\/v2\/posts\/326148\/revisions"}],"predecessor-version":[{"id":326150,"href":"https:\/\/notinor.com\/jujuy\/wp-json\/wp\/v2\/posts\/326148\/revisions\/326150"}],"wp:featuredmedia":[{"embeddable":true,"href":"https:\/\/notinor.com\/jujuy\/wp-json\/wp\/v2\/media\/326149"}],"wp:attachment":[{"href":"https:\/\/notinor.com\/jujuy\/wp-json\/wp\/v2\/media?parent=326148"}],"wp:term":[{"taxonomy":"category","embeddable":true,"href":"https:\/\/notinor.com\/jujuy\/wp-json\/wp\/v2\/categories?post=326148"},{"taxonomy":"post_tag","embeddable":true,"href":"https:\/\/notinor.com\/jujuy\/wp-json\/wp\/v2\/tags?post=326148"}],"curies":[{"name":"wp","href":"https:\/\/api.w.org\/{rel}","templated":true}]}}