{"id":326145,"date":"2022-01-21T20:37:57","date_gmt":"2022-01-21T23:37:57","guid":{"rendered":"https:\/\/notinor.com\/jujuy\/?p=326145"},"modified":"2022-01-21T20:38:02","modified_gmt":"2022-01-21T23:38:02","slug":"revinculacion-escolar-el-ministerio-de-educacion-de-jujuy-recibio-a-un-equipo-de-nacion","status":"publish","type":"post","link":"https:\/\/notinor.com\/jujuy\/revinculacion-escolar-el-ministerio-de-educacion-de-jujuy-recibio-a-un-equipo-de-nacion\/","title":{"rendered":"Revinculaci\u00f3n escolar: el Ministerio de Educaci\u00f3n de Jujuy recibi\u00f3 a un equipo de Naci\u00f3n"},"content":{"rendered":"\n<p class=\"has-medium-font-size\"><strong><em>En el complejo ministerial, la ministra de Educaci\u00f3n Teresa Bovi, junto a funcionarios de la cartera educativa provincial, recibieron al referente t\u00e9cnico del programa nacional \"Volv\u00e9 a la Escuela\", Juan Costa, con el objetivo de afianzar las iniciativas comunes de revinculaci\u00f3n escolar.<\/em><\/strong><\/p>\n\n\n\n<div class=\"wp-block-image\"><figure class=\"aligncenter size-large\"><img decoding=\"async\" loading=\"lazy\" width=\"800\" height=\"450\" src=\"https:\/\/notinor.com\/jujuy\/wp-content\/uploads\/2022\/01\/volve-a-la-escuela.jpeg\" alt=\"\" class=\"wp-image-326146\" srcset=\"https:\/\/notinor.com\/jujuy\/wp-content\/uploads\/2022\/01\/volve-a-la-escuela.jpeg 800w, https:\/\/notinor.com\/jujuy\/wp-content\/uploads\/2022\/01\/volve-a-la-escuela-649x365.jpeg 649w, https:\/\/notinor.com\/jujuy\/wp-content\/uploads\/2022\/01\/volve-a-la-escuela-500x280.jpeg 500w, https:\/\/notinor.com\/jujuy\/wp-content\/uploads\/2022\/01\/volve-a-la-escuela-768x432.jpeg 768w, https:\/\/notinor.com\/jujuy\/wp-content\/uploads\/2022\/01\/volve-a-la-escuela-750x422.jpeg 750w\" sizes=\"(max-width: 800px) 100vw, 800px\" \/><\/figure><\/div>\n\n\n\n<p>Con el objetivo de afianzar las iniciativas comunes de re vinculaci\u00f3n escolar, la ministra de Educaci\u00f3n Bovi y funcionarios de la cartera educativa, se reunieron con el referente t\u00e9cnico del programa nacional \u201cVolv\u00e9 a la Escuela\u201d, Juan Costa.<\/p>\n\n\n\n<p>Ante los desaf\u00edos que atraviesa el sistema educativo argentino, iniciados por la Pandemia del Covid- 19, y en el marco del financiamiento nacional de \u201cVolv\u00e9 a la Escuela \u201d, el trabajo colectivo apuesta a garantizar el derecho a la educaci\u00f3n de cada estudiante en todo el Pa\u00eds.<\/p>\n\n\n\n<p>En la oportunidad, la subsecretaria de Coordinaci\u00f3n Educativa, Vanesa Humacata inform\u00f3 que \u201cen Jujuy ejecutamos la pol\u00edtica jurisdiccional de \u201cEscuela de Verano\u201d con los objetivos concretos de re- vincular a estudiantes que durante la pandemia transitaron trayectorias educativas intermitentes y de continuar fortaleciendo la calidad de sus aprendizajes\u201d expres\u00f3.<\/p>\n\n\n\n<p>En cuanto al encuentro, Humacata agradeci\u00f3 la visita del equipo nacional y coment\u00f3 que \u201cse abordaron temas importantes como la necesidad del acompa\u00f1amiento de los Ministerios de Salud y Educaci\u00f3n de la Naci\u00f3n con pol\u00edticas de vacunaci\u00f3n, algo que s\u00ed se hace en Jujuy\u201d, como as\u00ed tambi\u00e9n \u201cla importancia de contar y apoyarnos en pol\u00edticas de informaci\u00f3n educativa, ya que la informaci\u00f3n es esencial para la planificaci\u00f3n de pol\u00edticas p\u00fablicas que no pueden estar desvinculadas con las pol\u00edticas de seguimiento de las trayectorias educativas\u201d indic\u00f3.<\/p>\n\n\n\n<p>En ese contexto, el referente de \u201cVolv\u00e9 a la Escuela\u201d, inform\u00f3 que la creaci\u00f3n del Programa persigue el objetivo central de re-conectar a chicos y chicas de todas las jurisdicciones del pa\u00eds que vieron interrumpidas sus trayectorias educativas por diversos motivos.<\/p>\n\n\n\n<p>La iniciativa, que se desarrolla en dos etapas, abarca estrategias de b\u00fasqueda e identificaci\u00f3n de estudiantes afectados en sus trayectorias escolares, la re- vinculaci\u00f3n y reingreso, en una primera instancia, a trav\u00e9s de acciones realizadas desde pol\u00edticas socioeducativas como las que implementa el programa \u201cEscuela de Verano\u201d, y el acompa\u00f1amiento en una segunda etapa, con vistas a garantizar la permanencia de estudiantes y la institucionalizaci\u00f3n de los aprendizajes.<\/p>\n\n\n\n<p>En relaci\u00f3n a su visita, Costa dijo que \u201cla reuni\u00f3n se dio de manera muy positiva, estuvimos dialogando acerca de diversas propuestas que se vienen realizando en las escuelas de verano de ambas jurisdicciones\u201d. Adem\u00e1s, el referente indic\u00f3 que \u201cson programas que tienen una fuerte impronta de trabajo colectivo, y nos motiva construir conjuntamente estas propuestas y acompa\u00f1ar desde Naci\u00f3n las acciones que viene desarrollando Jujuy, con el objetivo com\u00fan de afianzar las acciones de re vinculaci\u00f3n escolar\u201d. <\/p>\n\n\n\n<p>Por \u00faltimo, Costa enfatiz\u00f3 que \u201cdesde el inicio de \u201cVolv\u00e9 a la Escuela\u201d el v\u00ednculo con el equipo del Ministerio de Educaci\u00f3n de la Provincia fue muy bueno, tienen un equipo con muchas ganas, compromiso y convicci\u00f3n y esperamos seguir fortaleciendo el trabajo conjunto y dialogo permanente\u201d resalt\u00f3.<\/p>\n","protected":false},"excerpt":{"rendered":"<p>En el complejo ministerial, la ministra de Educaci\u00f3n Teresa Bovi, junto a funcionarios de la cartera educativa provincial, recibieron al referente t\u00e9cnico del programa nacional \"Volv\u00e9 a la Escuela\", Juan Costa, con el objetivo de afianzar las iniciativas comunes de revinculaci\u00f3n escolar. Con el objetivo de afianzar las iniciativas comunes de re vinculaci\u00f3n escolar, la [&hellip;]<\/p>\n","protected":false},"author":49,"featured_media":326146,"comment_status":"open","ping_status":"open","sticky":false,"template":"","format":"standard","meta":{"_stopmodifiedupdate":false,"_modified_date":"","inline_featured_image":false,"spay_email":"","jetpack_publicize_message":""},"categories":[514],"tags":[],"jetpack_featured_media_url":"https:\/\/notinor.com\/jujuy\/wp-content\/uploads\/2022\/01\/volve-a-la-escuela.jpeg","jetpack_publicize_connections":[],"_links":{"self":[{"href":"https:\/\/notinor.com\/jujuy\/wp-json\/wp\/v2\/posts\/326145"}],"collection":[{"href":"https:\/\/notinor.com\/jujuy\/wp-json\/wp\/v2\/posts"}],"about":[{"href":"https:\/\/notinor.com\/jujuy\/wp-json\/wp\/v2\/types\/post"}],"author":[{"embeddable":true,"href":"https:\/\/notinor.com\/jujuy\/wp-json\/wp\/v2\/users\/49"}],"replies":[{"embeddable":true,"href":"https:\/\/notinor.com\/jujuy\/wp-json\/wp\/v2\/comments?post=326145"}],"version-history":[{"count":1,"href":"https:\/\/notinor.com\/jujuy\/wp-json\/wp\/v2\/posts\/326145\/revisions"}],"predecessor-version":[{"id":326147,"href":"https:\/\/notinor.com\/jujuy\/wp-json\/wp\/v2\/posts\/326145\/revisions\/326147"}],"wp:featuredmedia":[{"embeddable":true,"href":"https:\/\/notinor.com\/jujuy\/wp-json\/wp\/v2\/media\/326146"}],"wp:attachment":[{"href":"https:\/\/notinor.com\/jujuy\/wp-json\/wp\/v2\/media?parent=326145"}],"wp:term":[{"taxonomy":"category","embeddable":true,"href":"https:\/\/notinor.com\/jujuy\/wp-json\/wp\/v2\/categories?post=326145"},{"taxonomy":"post_tag","embeddable":true,"href":"https:\/\/notinor.com\/jujuy\/wp-json\/wp\/v2\/tags?post=326145"}],"curies":[{"name":"wp","href":"https:\/\/api.w.org\/{rel}","templated":true}]}}