{"id":326139,"date":"2022-01-21T18:42:09","date_gmt":"2022-01-21T21:42:09","guid":{"rendered":"https:\/\/notinor.com\/jujuy\/?p=326139"},"modified":"2022-01-21T18:42:13","modified_gmt":"2022-01-21T21:42:13","slug":"confirmaron-118-171-nuevos-contagios-y-161-muertos-en-la-argentina-este-viernes","status":"publish","type":"post","link":"https:\/\/notinor.com\/jujuy\/confirmaron-118-171-nuevos-contagios-y-161-muertos-en-la-argentina-este-viernes\/","title":{"rendered":"Confirmaron 118.171 nuevos contagios y 161 muertos en la Argentina este viernes"},"content":{"rendered":"\n<p class=\"has-medium-font-size\"><strong><em>El total de infectados desde el comienzo de la pandemia se elev\u00f3 a 7.694.506, mientras que las v\u00edctimas fatales suman 118.969.<\/em><\/strong><\/p>\n\n\n\n<div class=\"wp-block-image\"><figure class=\"aligncenter size-large\"><img decoding=\"async\" loading=\"lazy\" width=\"800\" height=\"450\" src=\"https:\/\/notinor.com\/jujuy\/wp-content\/uploads\/2022\/01\/coronavirus-11.jpg\" alt=\"\" class=\"wp-image-326140\" srcset=\"https:\/\/notinor.com\/jujuy\/wp-content\/uploads\/2022\/01\/coronavirus-11.jpg 800w, https:\/\/notinor.com\/jujuy\/wp-content\/uploads\/2022\/01\/coronavirus-11-649x365.jpg 649w, https:\/\/notinor.com\/jujuy\/wp-content\/uploads\/2022\/01\/coronavirus-11-500x280.jpg 500w, https:\/\/notinor.com\/jujuy\/wp-content\/uploads\/2022\/01\/coronavirus-11-768x432.jpg 768w, https:\/\/notinor.com\/jujuy\/wp-content\/uploads\/2022\/01\/coronavirus-11-750x422.jpg 750w\" sizes=\"(max-width: 800px) 100vw, 800px\" \/><\/figure><\/div>\n\n\n\n<p>El Ministerio de Salud de la Naci\u00f3n inform\u00f3 este viernes 21 de enero que, en las \u00faltimas 24 horas, se registraron 161 muertes y 118.171 contagios de coronavirus, la octava cifra m\u00e1s alta desde el comienzo de la pandemia. De esta manera, el total de infectados desde el inicio del brote se elev\u00f3 a 7.694.506, mientras que los fallecimientos suman 118.969.<\/p>\n\n\n\n<p>De ayer a hoy se realizaron 172.952 testeos. Como resultado, la tasa de positividad registrada es del 68,33%. Al igual que en los \u00faltimos d\u00edas, este indicador sigue en torno al 70 por ciento, lo cual significa que siete de cada diez que se testean son positivos.<\/p>\n\n\n\n<p>Por otro lado, del total de muertes reportadas hoy, 80 son hombres y 80 mujeres. Adem\u00e1s, una persona de la provincia de Buenos Aires fue reportada sin datos de sexo. Justamente Buenos Aires fue una de las provincias que m\u00e1s decesos notificaron: 31. S\u00f3lo C\u00f3rdoba registr\u00f3 m\u00e1s fallecidos (33).<\/p>\n\n\n\n<p>De acuerdo al parte epidemiol\u00f3gico, de momento, en Argentina hay 2.511 personas con coronavirus internadas en terapia intensiva. El porcentaje de ocupaci\u00f3n de camas a nivel nacional es del 47,8% y en el \u00c1rea Metropolitana de Buenos Aires (AMBA) del 46,9%.<\/p>\n\n\n\n<p>A la fecha, se registran 949.298 casos positivos activos en todo el pa\u00eds y 6.626.239 recuperados.<\/p>\n\n\n\n<p>De los 118.171 casos de COVID-19 reportados hoy, 75.328 casos (el 63,74%) se concentran en PBA (47.567), CABA (15.539) y C\u00f3rdoba (12.222).<\/p>\n\n\n\n<p>Para el resto del pa\u00eds, los n\u00fameros fueron los siguientes: Catamarca 1.089 contagios, Chaco 2.779, Chubut 1.034, Corrientes 563, Entre R\u00edos 1.967, Formosa 1.756, <strong>Jujuy 2.322,<\/strong>&nbsp;La Pampa 963, La Rioja 341, Mendoza 4.200, Misiones 488, Neuqu\u00e9n 1.278, R\u00edo Negro 1.186, Salta 1.869, San Juan 5.769, San Luis 1.799, Santa Cruz 539, Santa Fe 8.678, Santiago del Estero 896, Tierra del Fuego 355 y Tucum\u00e1n 2.972.<\/p>\n\n\n\n<p>En el marco de una nueva convocatoria del Consejo Federal de Salud (COFESA), la ministra de Salud, Carla Vizzotti, dio inicio este viernes a una nueva reuni\u00f3n con sus pares de las 24 jurisdicciones, en este caso para evaluar los avances en la campa\u00f1a de vacunaci\u00f3n en todo el pa\u00eds y la curva de contagios.<\/p>\n\n\n\n<p>De acuerdo a la \u00faltima actualizaci\u00f3n del Monitor P\u00fablico de Vacunaci\u00f3n, el total de inoculaciones aplicadas asciende a 84.219.672, de las cuales 39.229.725 corresponden a primera dosis, 34.365.507 a segunda, 2.984.668 a adicionales y 7.639.772 a refuerzos, mientras que las vacunas distribuidas llegan a 94.913.350 y las donadas a 5.083.000.<\/p>\n\n\n\n<p>Anoche, Vizzotti anunci\u00f3 la compra de otras 18,5 millones de dosis del laboratorio Pfizer que ser\u00e1n destinadas a inocular a los ni\u00f1os de entre 5 y 11 a\u00f1os. Seg\u00fan los datos oficiales respecto de la franja etaria de entre 3 y 11 a\u00f1os, el 69,9% inici\u00f3 su esquema y el 46,7% lo complet\u00f3. A los que tienen menos de 5 a\u00f1os y hasta 3 se les aplica la del laboratorio chino Sinopharm, la primera en ser aprobada por la ANMAT en nuestro pa\u00eds destinada al uso pedi\u00e1trico.<\/p>\n\n\n\n<p>En el c\u00f3nclave del COFESA tambi\u00e9n estaba prevista la discusi\u00f3n una estrategia com\u00fan que permita acelerar la vacunaci\u00f3n pedi\u00e1trica de cara al inicio del ciclo lectivo. En ese sentido, la ministra descart\u00f3 la exigencia de un pase sanitario para que los ni\u00f1os puedan concurrir a las escuelas, y dijo que si bien \u201cse evalu\u00f3\u201d esa posibilidad, se consider\u00f3 que \u201cno es necesaria por todo el trabajo que estamos haciendo, la demanda de vacunas y el avance de la vacunaci\u00f3n\u201d.<\/p>\n\n\n\n<p>En medio del vertiginoso aumento de casos por la cepa \u00d3micron, una de las preocupaciones que surgieron es el faltante de insumos para testeos de COVID-19. En las \u00faltimas semanas empezaron a registrarse quejas de parte de municipios de la provincia de Buenos Aires sobre escasez de recursos. La municipalidad de Chascom\u00fas, por ejemplo, directamente suspendi\u00f3 los hisopados durante varias horas por ese motivo. En centros privados de salud tambi\u00e9n hubo alertas, y en distintas \u00e1reas del sector p\u00fablico aseguraron que tienen cada vez menos insumos.<\/p>\n\n\n\n<p>El Gobierno admiti\u00f3 el faltante, aunque atribuy\u00f3 el problema a demoras de parte de los proveedores internacionales debido a la alta demanda en todo el mundo por el avance de la pandemia.<\/p>\n\n\n\n<p>\u201cEl problema con los testeos no es algo que pase en la Argentina solamente. El aumento exponencial en el n\u00famero de casos hizo que en el mundo crezca la demanda de testeos\u201d, asegur\u00f3 Vizzotti.<\/p>\n","protected":false},"excerpt":{"rendered":"<p>El total de infectados desde el comienzo de la pandemia se elev\u00f3 a 7.694.506, mientras que las v\u00edctimas fatales suman 118.969. El Ministerio de Salud de la Naci\u00f3n inform\u00f3 este viernes 21 de enero que, en las \u00faltimas 24 horas, se registraron 161 muertes y 118.171 contagios de coronavirus, la octava cifra m\u00e1s alta desde [&hellip;]<\/p>\n","protected":false},"author":49,"featured_media":326140,"comment_status":"open","ping_status":"open","sticky":false,"template":"","format":"standard","meta":{"_stopmodifiedupdate":false,"_modified_date":"","inline_featured_image":false,"spay_email":"","jetpack_publicize_message":""},"categories":[2,5],"tags":[],"jetpack_featured_media_url":"https:\/\/notinor.com\/jujuy\/wp-content\/uploads\/2022\/01\/coronavirus-11.jpg","jetpack_publicize_connections":[],"_links":{"self":[{"href":"https:\/\/notinor.com\/jujuy\/wp-json\/wp\/v2\/posts\/326139"}],"collection":[{"href":"https:\/\/notinor.com\/jujuy\/wp-json\/wp\/v2\/posts"}],"about":[{"href":"https:\/\/notinor.com\/jujuy\/wp-json\/wp\/v2\/types\/post"}],"author":[{"embeddable":true,"href":"https:\/\/notinor.com\/jujuy\/wp-json\/wp\/v2\/users\/49"}],"replies":[{"embeddable":true,"href":"https:\/\/notinor.com\/jujuy\/wp-json\/wp\/v2\/comments?post=326139"}],"version-history":[{"count":1,"href":"https:\/\/notinor.com\/jujuy\/wp-json\/wp\/v2\/posts\/326139\/revisions"}],"predecessor-version":[{"id":326141,"href":"https:\/\/notinor.com\/jujuy\/wp-json\/wp\/v2\/posts\/326139\/revisions\/326141"}],"wp:featuredmedia":[{"embeddable":true,"href":"https:\/\/notinor.com\/jujuy\/wp-json\/wp\/v2\/media\/326140"}],"wp:attachment":[{"href":"https:\/\/notinor.com\/jujuy\/wp-json\/wp\/v2\/media?parent=326139"}],"wp:term":[{"taxonomy":"category","embeddable":true,"href":"https:\/\/notinor.com\/jujuy\/wp-json\/wp\/v2\/categories?post=326139"},{"taxonomy":"post_tag","embeddable":true,"href":"https:\/\/notinor.com\/jujuy\/wp-json\/wp\/v2\/tags?post=326139"}],"curies":[{"name":"wp","href":"https:\/\/api.w.org\/{rel}","templated":true}]}}