{"id":326107,"date":"2022-01-21T22:13:57","date_gmt":"2022-01-22T01:13:57","guid":{"rendered":"https:\/\/notinor.com\/jujuy\/?p=326107"},"modified":"2022-01-21T22:14:01","modified_gmt":"2022-01-22T01:14:01","slug":"de-ledesma-al-mundo-los-estadios-son-impresionantes-pero-yo-creci-jugando-en-la-tablada","status":"publish","type":"post","link":"https:\/\/notinor.com\/jujuy\/de-ledesma-al-mundo-los-estadios-son-impresionantes-pero-yo-creci-jugando-en-la-tablada\/","title":{"rendered":"De Ledesma al mundo: \"Los estadios son impresionantes, pero yo crec\u00ed jugando en La Tablada\""},"content":{"rendered":"\n<p><strong>Agust\u00edn Vel\u00e1zquez, <\/strong>el jugador juje\u00f1o que la rompe en Espa\u00f1a dialog\u00f3 con Notinor y destac\u00f3 a los deportistas locales. Adem\u00e1s, admiti\u00f3 que en un futuro le gustar\u00eda defender la camiseta de Gimnasia y Esgrima de Jujuy.<\/p>\n\n\n\n<figure class=\"wp-block-image size-large\"><img decoding=\"async\" src=\"https:\/\/notinor.com\/jujuy\/wp-content\/uploads\/2022\/01\/WhatsApp-Image-2022-01-21-at-11.34.35-AM-640x480.jpeg\" alt=\"\" class=\"wp-image-326108\"\/><\/figure>\n\n\n\n<p><strong><em>Por:&nbsp;<a href=\"http:\/\/instagram.com\/lucascaballero15\">Lucas Caballero<\/a><\/em><\/strong><\/p>\n\n\n\n<p>Los deportistas profesionales suelen estar debajo del ojo p\u00fablico por sus logros y derrotas dentro de la cancha. Sin embargo, cada uno tiene una vida llena de sacrificios por detr\u00e1s. Esta parte de la historia suele ser la menos visibilizada pero la que m\u00e1s marcas deja en cada uno de los grandes protagonistas del deporte.<\/p>\n\n\n\n<p><strong>Agust\u00edn Vel\u00e1zquez<\/strong> es un futbolista oriundo de Ledesma -al igual que el <em>burrito <\/em>Ortega-, su pasi\u00f3n por el deporte lo llev\u00f3 hasta el viejo continente y espera seguir ascendiendo pelda\u00f1o a pelda\u00f1o en su carrera. El juje\u00f1o parti\u00f3 hacia Europa durante la segunda mitad del a\u00f1o pasado, su ficha ahora le pertenece al <strong>Club Deportivo Legan\u00e9s <\/strong>de la segunda divisi\u00f3n espa\u00f1ola, que lo cedi\u00f3 a pr\u00e9stamo al <strong>C.F. Alovera<\/strong> para sumar minutos y ganar experiencia.<\/p>\n\n\n\n<p>Actualmente lideran la tabal de posiciones en el Grupo 4 de la Primera Auton\u00f3mica de la regi\u00f3n, el equipo solo perdi\u00f3 dos partidos y Agust\u00edn contin\u00faa sumando minutos antes de retornar al Legan\u00e9s en junio de este 2022. <\/p>\n\n\n\n<p><strong>- \u00bfC\u00f3mo es vivir la experiencia europea?<\/strong><\/p>\n\n\n\n<p>- La esperaba hace tiempo, ya me hab\u00edan sondeado en el 2018 y desde ese momento tuve la ilusi\u00f3n de jugar en Europa, m\u00e1s en Espa\u00f1a que tiene una de las ligas m\u00e1s competitivas. Fue una de las metas que me propuse como futbolista.<\/p>\n\n\n\n<p><strong>-\u00bfEs muy fuerte el cambio cultural?<\/strong> <\/p>\n\n\n\n<p>S\u00ed, lo sent\u00ed mucho. Principalmente el primer mes. Cambia incluso el dialecto y ni hablar del cambio de horario. Eran las tres de la ma\u00f1ana y yo segu\u00eda despierto porque ten\u00eda puesto todav\u00eda el \"chip\" argentino.<\/p>\n\n\n\n<p>Es el famoso \"primer mundo\", hay un cambio cultural y econ\u00f3mico en todo aspecto. Hay que vivirlo para darse cuenta, de lejos parece superficial pero desde adentro realmente se lo vive.<\/p>\n\n\n\n<p><strong>- \u00bfQu\u00e9 fue lo m\u00e1s duro de tener que viajar a tantos kil\u00f3metros?<\/strong><\/p>\n\n\n\n<p>- Lo m\u00e1s duro fue extra\u00f1ar a la familia. Ya estaba acostumbrado a viajar pero al menos all\u00e1 pod\u00eda tomarme un avi\u00f3n y volv\u00eda a mi casa para fechas especiales, ahora no puedo hacerlo. De hecho, las fiestas de fin de a\u00f1o las pas\u00e9 aqu\u00ed en Espa\u00f1a por disposici\u00f3n del club y por cuestiones sanitarias. Ten\u00eda miedo de las restricciones y de no poder ingresar luego a la Uni\u00f3n Europea.<\/p>\n\n\n\n<p><strong>- Atravesaste un camino largo para llegar hasta donde est\u00e1s...<\/strong><\/p>\n\n\n\n<p>- Fue una larga trayectoria. Atl\u00e9tico Ledesma, Gimnasia de Jujuy, Altos Hornos Zapla, San Lorenzo de Almagro y San Patricio de Neuqu\u00e9n, pero todo vale la pena al vivir esta experiencia.<\/p>\n\n\n\n<figure class=\"wp-block-image size-large is-resized\"><img decoding=\"async\" loading=\"lazy\" src=\"https:\/\/notinor.com\/jujuy\/wp-content\/uploads\/2022\/01\/WhatsApp-Image-2022-01-21-at-11.34.39-AM-720x480.jpeg\" alt=\"\" class=\"wp-image-326109\" width=\"544\" height=\"363\" srcset=\"https:\/\/notinor.com\/jujuy\/wp-content\/uploads\/2022\/01\/WhatsApp-Image-2022-01-21-at-11.34.39-AM-720x480.jpeg 720w, https:\/\/notinor.com\/jujuy\/wp-content\/uploads\/2022\/01\/WhatsApp-Image-2022-01-21-at-11.34.39-AM-548x365.jpeg 548w, https:\/\/notinor.com\/jujuy\/wp-content\/uploads\/2022\/01\/WhatsApp-Image-2022-01-21-at-11.34.39-AM-768x512.jpeg 768w, https:\/\/notinor.com\/jujuy\/wp-content\/uploads\/2022\/01\/WhatsApp-Image-2022-01-21-at-11.34.39-AM-1536x1023.jpeg 1536w, https:\/\/notinor.com\/jujuy\/wp-content\/uploads\/2022\/01\/WhatsApp-Image-2022-01-21-at-11.34.39-AM-750x500.jpeg 750w, https:\/\/notinor.com\/jujuy\/wp-content\/uploads\/2022\/01\/WhatsApp-Image-2022-01-21-at-11.34.39-AM-1140x760.jpeg 1140w, https:\/\/notinor.com\/jujuy\/wp-content\/uploads\/2022\/01\/WhatsApp-Image-2022-01-21-at-11.34.39-AM.jpeg 1600w\" sizes=\"(max-width: 544px) 100vw, 544px\" \/><\/figure>\n\n\n\n<p><strong>- En todo este camino \u00bfhubo alg\u00fan club que haya marcado tu carrera?<\/strong><\/p>\n\n\n\n<p>- El punto de inflexi\u00f3n se dio en<strong> Gimnasia de Jujuy<\/strong>, ah\u00ed hice un click y me propuse llegar lo m\u00e1s lejos que pueda. Cuando llegu\u00e9 a probarme al <em>lobo<\/em> conoc\u00ed al profesor <strong>Cristian Anaya<\/strong> y fue \u00e9l quien me hizo creer en m\u00ed. Luego de eso sent\u00eda que ten\u00eda algo; que ten\u00eda las condiciones para llegar lejos.<\/p>\n\n\n\n<p><strong>- \u00bfTu paso por Gimnasia es una deuda pendiente?<\/strong><\/p>\n\n\n\n<p>Fue el club que me marc\u00f3. En un futuro me encantar\u00eda poder jugar con la camiseta del <em>lobo <\/em>y sacarme la espina de no haber debutado. Hoy tengo 24 a\u00f1os, siento que todav\u00eda estoy en la edad para seguir aprendiendo y perfeccionando todo lo que s\u00e9, pero a la vez tambi\u00e9n para corregir mis d\u00e9ficits.<\/p>\n\n\n\n<p><strong>- \u00bfCu\u00e1l es tu presente deportivo en el Alovera? <\/strong><\/p>\n\n\n\n<p>Muy bien. Vine a un equipo competitivo que est\u00e1 primero en la tabla, todav\u00eda nos queda la segunda rueda que terminar\u00e1 en junio pero por ahora vamos bien. Perdimos solo dos partidos y empatado uno, el resto fueron victorias.<\/p>\n\n\n\n<p>Mi pr\u00e9stamo es hasta junio de este a\u00f1o. Quiero volver y ganarme un lugar en el Legan\u00e9s. Empec\u00e9 en una categor\u00eda m\u00e1s baja para sumar minutos y experiencia; adem\u00e1s, tengo compa\u00f1eros que estuvieron en las selecciones juveniles de Ghana o de Estados Unidos y somos competitivos. La idea es consolidarme en el club que toque para hacerlo de la mejor manera.<\/p>\n\n\n\n<p><strong>- \u00bfSegu\u00eds mirando el f\u00fatbol juje\u00f1o?<\/strong><\/p>\n\n\n\n<p>Si, sigo en general mucho al f\u00fatbol argentino y veo casi toda la primera divisi\u00f3n, aunque tambi\u00e9n <strong>me gusta ver el Regional Amateur. Este fin de semana mir\u00e9 el partido de Talleres con Zapla gracias a las transmisiones por Facebook<\/strong>.<\/p>\n\n\n\n<p>Uno no pierde esa chispa del potrero, pese a que aqu\u00ed el f\u00fatbol es m\u00e1s din\u00e1mico nosotros no perdemos nuestra esencia de donde venimos. <strong>Hay un p\u00e1rrafo aparte para las canchas de aqu\u00ed que son impresionantes, el campo de juego parece un billar pero yo crec\u00ed jugando en La Tablada<\/strong>. <\/p>\n\n\n\n<p><strong>- Hay jugadores juje\u00f1os muy destacados en el pa\u00eds como Lucas Gonz\u00e1lez o <em>pajarito <\/em>Ju\u00e1rez, \u00bfcre\u00e9s que hay buen semillero?<\/strong><\/p>\n\n\n\n<p>- Por supuesto. Los jugadores juje\u00f1os son excepcionales.<\/p>\n\n\n\n<p><strong>Lucas Gonz\u00e1lez<\/strong> -actualmente en Independiente- es brillante y desde ya vemos que tiene un futuro m\u00e1s que prometedor. En cuanto a <strong>Daniel Ju\u00e1rez<\/strong> -Uni\u00f3n de Santa Fe-, cuando yo estuve en Gimnasia pude verlo jugar pese a que yo soy m\u00e1s grande de edad, pero desde ese momento ya se notaba que ten\u00eda muchas condiciones.<\/p>\n\n\n\n<p>La idea es que nuestro deporte crezca, tenemos ejemplos de que cualquiera puede lograrlo. Jujuy tiene muy buen semillero futbol\u00edstico. No es un camino f\u00e1cil pero con trabajo y constancia se puede llegar.<\/p>\n\n\n\n<figure class=\"wp-block-image size-large is-resized\"><img decoding=\"async\" loading=\"lazy\" src=\"https:\/\/notinor.com\/jujuy\/wp-content\/uploads\/2022\/01\/241222307_307815307811408_669994376466574987_n-840x473.jpg\" alt=\"\" class=\"wp-image-326112\" width=\"590\" height=\"333\" srcset=\"https:\/\/notinor.com\/jujuy\/wp-content\/uploads\/2022\/01\/241222307_307815307811408_669994376466574987_n-840x473.jpg 840w, https:\/\/notinor.com\/jujuy\/wp-content\/uploads\/2022\/01\/241222307_307815307811408_669994376466574987_n-649x365.jpg 649w, https:\/\/notinor.com\/jujuy\/wp-content\/uploads\/2022\/01\/241222307_307815307811408_669994376466574987_n-768x432.jpg 768w, https:\/\/notinor.com\/jujuy\/wp-content\/uploads\/2022\/01\/241222307_307815307811408_669994376466574987_n-750x422.jpg 750w, https:\/\/notinor.com\/jujuy\/wp-content\/uploads\/2022\/01\/241222307_307815307811408_669994376466574987_n.jpg 960w\" sizes=\"(max-width: 590px) 100vw, 590px\" \/><figcaption><strong>Campo de juego \"Nuevo Tomillar\", donde ejerce la local\u00eda el Alovera.<\/strong><\/figcaption><\/figure>\n\n\n\n<p><strong>- \u00bfC\u00f3mo imagin\u00e1s tu vuelta a Ledesma despu\u00e9s de esto?<\/strong><\/p>\n\n\n\n<p>Desde que vine a Europa todav\u00eda no pude volver a Ledesma, pero mi vuelta ser\u00e1 diferente sin dudas. Trato de colaborar con todos, me pidieron videos para los chicos de categor\u00edas inferiores en Atl\u00e9tico y siempre estoy dispuesto a mostrarles que con esfuerzo se puede.<\/p>\n\n\n\n<p><strong>- Se puede, siempre con el apoyo de la familia<\/strong><\/p>\n\n\n\n<p>Obvio, en esto influyen mucho los padres. Yo le agradezco eternamente a los m\u00edos porque me dieron la libertad de perseguir mi sue\u00f1o.<\/p>\n\n\n\n<p>No siempre son momentos buenos; en las malas cuando uno quiere dejar todo ellos est\u00e1n ah\u00ed para apoyar e impulsarnos detr\u00e1s de nuestros sue\u00f1os. Esto aplica para todo \u00e1mbito de la vida, no solo en el deporte sino para carreras universitarias o cualquier proyecto.<\/p>\n\n\n\n<p><strong>- \u00bfQu\u00e9 mensaje le dejas a tu gente de Ledesma?<\/strong><\/p>\n\n\n\n<p>Que persigan sus sue\u00f1os. En alg\u00fan momento tendr\u00e1n su recompensa porque todo da frutos. Tenemos que creer en nosotros y luchar por eso hasta el final.<\/p>\n","protected":false},"excerpt":{"rendered":"<p>Agust\u00edn Vel\u00e1zquez, el jugador juje\u00f1o que la rompe en Espa\u00f1a dialog\u00f3 con Notinor y destac\u00f3 a los deportistas locales. Adem\u00e1s, admiti\u00f3 que en un futuro le gustar\u00eda defender la camiseta de Gimnasia y Esgrima de Jujuy. Por:&nbsp;Lucas Caballero Los deportistas profesionales suelen estar debajo del ojo p\u00fablico por sus logros y derrotas dentro de la [&hellip;]<\/p>\n","protected":false},"author":1,"featured_media":326108,"comment_status":"open","ping_status":"open","sticky":false,"template":"","format":"standard","meta":{"_stopmodifiedupdate":false,"_modified_date":"","inline_featured_image":false,"spay_email":"","jetpack_publicize_message":""},"categories":[2,7],"tags":[],"jetpack_featured_media_url":"https:\/\/notinor.com\/jujuy\/wp-content\/uploads\/2022\/01\/WhatsApp-Image-2022-01-21-at-11.34.35-AM-e1642779784116.jpeg","jetpack_publicize_connections":[],"_links":{"self":[{"href":"https:\/\/notinor.com\/jujuy\/wp-json\/wp\/v2\/posts\/326107"}],"collection":[{"href":"https:\/\/notinor.com\/jujuy\/wp-json\/wp\/v2\/posts"}],"about":[{"href":"https:\/\/notinor.com\/jujuy\/wp-json\/wp\/v2\/types\/post"}],"author":[{"embeddable":true,"href":"https:\/\/notinor.com\/jujuy\/wp-json\/wp\/v2\/users\/1"}],"replies":[{"embeddable":true,"href":"https:\/\/notinor.com\/jujuy\/wp-json\/wp\/v2\/comments?post=326107"}],"version-history":[{"count":3,"href":"https:\/\/notinor.com\/jujuy\/wp-json\/wp\/v2\/posts\/326107\/revisions"}],"predecessor-version":[{"id":326156,"href":"https:\/\/notinor.com\/jujuy\/wp-json\/wp\/v2\/posts\/326107\/revisions\/326156"}],"wp:featuredmedia":[{"embeddable":true,"href":"https:\/\/notinor.com\/jujuy\/wp-json\/wp\/v2\/media\/326108"}],"wp:attachment":[{"href":"https:\/\/notinor.com\/jujuy\/wp-json\/wp\/v2\/media?parent=326107"}],"wp:term":[{"taxonomy":"category","embeddable":true,"href":"https:\/\/notinor.com\/jujuy\/wp-json\/wp\/v2\/categories?post=326107"},{"taxonomy":"post_tag","embeddable":true,"href":"https:\/\/notinor.com\/jujuy\/wp-json\/wp\/v2\/tags?post=326107"}],"curies":[{"name":"wp","href":"https:\/\/api.w.org\/{rel}","templated":true}]}}