{"id":325817,"date":"2022-01-19T08:35:36","date_gmt":"2022-01-19T11:35:36","guid":{"rendered":"https:\/\/notinor.com\/jujuy\/?p=325817"},"modified":"2022-01-19T09:01:56","modified_gmt":"2022-01-19T12:01:56","slug":"preparan-una-modalidad-novedosa-para-la-feria-del-libro-jujuy-2022","status":"publish","type":"post","link":"https:\/\/notinor.com\/jujuy\/preparan-una-modalidad-novedosa-para-la-feria-del-libro-jujuy-2022\/","title":{"rendered":"Preparan una modalidad novedosa para la Feria del Libro Jujuy 2022"},"content":{"rendered":"\n<p>La ministra de Educaci\u00f3n, Mar\u00eda Teresa Bovi, recibi\u00f3 a los organizadores del evento y comenzaron a diagramar las actividades del a\u00f1o. Habr\u00e1 actividades en el Rectorado de la UNJu y en el Complejo Ministerial.<\/p>\n\n\n\n<figure class=\"wp-block-image size-large\"><img decoding=\"async\" loading=\"lazy\" width=\"750\" height=\"458\" src=\"https:\/\/notinor.com\/jujuy\/wp-content\/uploads\/2019\/06\/feria-del-libro-19.jpg\" alt=\"\" class=\"wp-image-215922\" srcset=\"https:\/\/notinor.com\/jujuy\/wp-content\/uploads\/2019\/06\/feria-del-libro-19.jpg 750w, https:\/\/notinor.com\/jujuy\/wp-content\/uploads\/2019\/06\/feria-del-libro-19-598x365.jpg 598w, https:\/\/notinor.com\/jujuy\/wp-content\/uploads\/2019\/06\/feria-del-libro-19-300x184.jpg 300w\" sizes=\"(max-width: 750px) 100vw, 750px\" \/><\/figure>\n\n\n\n<p>Con meses de anticipaci\u00f3n comenz\u00f3 a programarse la Feria del Libro Jujuy 2022. Por ello, la ministra de Educaci\u00f3n, <strong>Mar\u00eda Teresa Bovi, junto a Mar\u00eda Eugenia Jaldin y Rodolfo Pacheco<\/strong>, miembros de la comisi\u00f3n organizadora de la Feria del Libro Jujuy, acordaron trabajar en forma conjunta para enriquecer las actividades propuestas en el marco de su 18\u00b0 edici\u00f3n.<\/p>\n\n\n\n<p>Al respecto, la ministra Bovi comunic\u00f3 que \u201cestamos trabajando en convenios para la nueva edici\u00f3n de la Feria del Libro y planificando una serie de actividades a realizarse durante el a\u00f1o\u201d.<\/p>\n\n\n\n<p>En la oportunidad <strong>definieron realizar, en el D\u00eda Internacional del Libro, la primera actividad conjunta que se llevar\u00e1 a cabo en el parque del Complejo Ministerial el d\u00eda 23 de abril con una novedosa propuesta denominada \u201cLectura en Familia\u201d.<\/strong><\/p>\n\n\n\n<p>La titular de la cartera educativa acompa\u00f1\u00f3 a los organizadores en un recorrido guiado por las instalaciones del edificio, con vistas a definir los espacios que ser\u00e1n sede del evento.<\/p>\n\n\n\n<p>En ese sentido, Mar\u00eda Eugenia Jaldin coment\u00f3 que \u201cla idea es trabajar junto a otras instituciones y ofrecer diversas actividades que permitan mantener la presencia de la&nbsp;Feria&nbsp;del Libro a lo largo del a\u00f1o\u201d.<\/p>\n\n\n\n<p>Por su parte, Pacheco subray\u00f3 que \u201cel principal prop\u00f3sito es descentralizar el evento mediante otras actividades\u201d y ampli\u00f3 que \u201cadem\u00e1s planeamos en mayo una acci\u00f3n destinada a estudiantes de Primaria y Secundaria, con autores que sean importantes y convocantes; y otra segunda actividad en el mes de octubre relacionada con la industria del libro\u201d.<\/p>\n\n\n\n<p>En cuanto a la muestra central, la renovada edici\u00f3n presentar\u00e1 como eje tem\u00e1tico el medio ambiente con&nbsp;propuestas&nbsp;que inviten a dialogar sobre la importancia del cuidado del planeta y la construcci\u00f3n de un mejor futuro.<\/p>\n\n\n\n<p>La Feria proyecta realizarse en formato presencial y virtual durante el mes de agosto, del 19 al 28, en el predio del Rectorado de la UNJU (Universidad Nacional de&nbsp;Jujuy), con la presentaci\u00f3n de libros, autores, revistas, espect\u00e1culos de danza, teatro, m\u00fasica, poes\u00eda, cuentos, recitales, seminarios, talleres, foros, debates, entre otros.<\/p>\n\n\n\n<p>Cabe recordar que la Feria del Libro Jujuy se realiza a\u00f1o tras a\u00f1o con los objetivos de acercar la lectura a la mayor cantidad de lectores de todas las edades en la Provincia, promover espacios de reflexi\u00f3n y exhibici\u00f3n de nuevas formas y manifestaciones art\u00edsticas, y proponer otras maneras de leer, expresar, pensar, sentir y compartir alrededor de un libro.<\/p>\n","protected":false},"excerpt":{"rendered":"<p>La ministra de Educaci\u00f3n, Mar\u00eda Teresa Bovi, recibi\u00f3 a los organizadores del evento y comenzaron a diagramar las actividades del a\u00f1o. Habr\u00e1 actividades en el Rectorado de la UNJu y en el Complejo Ministerial. Con meses de anticipaci\u00f3n comenz\u00f3 a programarse la Feria del Libro Jujuy 2022. Por ello, la ministra de Educaci\u00f3n, Mar\u00eda Teresa [&hellip;]<\/p>\n","protected":false},"author":1,"featured_media":215922,"comment_status":"open","ping_status":"open","sticky":false,"template":"","format":"standard","meta":{"_stopmodifiedupdate":false,"_modified_date":"","inline_featured_image":false,"spay_email":"","jetpack_publicize_message":""},"categories":[2,13],"tags":[],"jetpack_featured_media_url":"https:\/\/notinor.com\/jujuy\/wp-content\/uploads\/2019\/06\/feria-del-libro-19.jpg","jetpack_publicize_connections":[],"_links":{"self":[{"href":"https:\/\/notinor.com\/jujuy\/wp-json\/wp\/v2\/posts\/325817"}],"collection":[{"href":"https:\/\/notinor.com\/jujuy\/wp-json\/wp\/v2\/posts"}],"about":[{"href":"https:\/\/notinor.com\/jujuy\/wp-json\/wp\/v2\/types\/post"}],"author":[{"embeddable":true,"href":"https:\/\/notinor.com\/jujuy\/wp-json\/wp\/v2\/users\/1"}],"replies":[{"embeddable":true,"href":"https:\/\/notinor.com\/jujuy\/wp-json\/wp\/v2\/comments?post=325817"}],"version-history":[{"count":3,"href":"https:\/\/notinor.com\/jujuy\/wp-json\/wp\/v2\/posts\/325817\/revisions"}],"predecessor-version":[{"id":325842,"href":"https:\/\/notinor.com\/jujuy\/wp-json\/wp\/v2\/posts\/325817\/revisions\/325842"}],"wp:featuredmedia":[{"embeddable":true,"href":"https:\/\/notinor.com\/jujuy\/wp-json\/wp\/v2\/media\/215922"}],"wp:attachment":[{"href":"https:\/\/notinor.com\/jujuy\/wp-json\/wp\/v2\/media?parent=325817"}],"wp:term":[{"taxonomy":"category","embeddable":true,"href":"https:\/\/notinor.com\/jujuy\/wp-json\/wp\/v2\/categories?post=325817"},{"taxonomy":"post_tag","embeddable":true,"href":"https:\/\/notinor.com\/jujuy\/wp-json\/wp\/v2\/tags?post=325817"}],"curies":[{"name":"wp","href":"https:\/\/api.w.org\/{rel}","templated":true}]}}