{"id":325795,"date":"2022-01-18T21:11:50","date_gmt":"2022-01-19T00:11:50","guid":{"rendered":"https:\/\/notinor.com\/jujuy\/?p=325795"},"modified":"2022-01-18T21:11:55","modified_gmt":"2022-01-19T00:11:55","slug":"jujuy-confirmaron-2-651-nuevos-contagios-de-covid-19-y-2-507-personas-fueron-dadas-de-alta","status":"publish","type":"post","link":"https:\/\/notinor.com\/jujuy\/jujuy-confirmaron-2-651-nuevos-contagios-de-covid-19-y-2-507-personas-fueron-dadas-de-alta\/","title":{"rendered":"Jujuy: confirmaron 2.651 nuevos contagios de Covid-19 y 2.507 personas fueron dadas de alta"},"content":{"rendered":"\n<p class=\"has-medium-font-size\"><strong><em>La Subdirecci\u00f3n de Epidemiolog\u00eda informa en su Reporte diario que hoy se confirmaron 2.651 nuevos casos de COVID-19 en Jujuy y recibieron el Alta M\u00e9dica 2.507 pacientes.<\/em><\/strong><\/p>\n\n\n\n<div class=\"wp-block-image\"><figure class=\"aligncenter size-large\"><img decoding=\"async\" loading=\"lazy\" width=\"800\" height=\"450\" src=\"https:\/\/notinor.com\/jujuy\/wp-content\/uploads\/2022\/01\/coronavirus-jujuy-6.jpg\" alt=\"\" class=\"wp-image-325796\" srcset=\"https:\/\/notinor.com\/jujuy\/wp-content\/uploads\/2022\/01\/coronavirus-jujuy-6.jpg 800w, https:\/\/notinor.com\/jujuy\/wp-content\/uploads\/2022\/01\/coronavirus-jujuy-6-649x365.jpg 649w, https:\/\/notinor.com\/jujuy\/wp-content\/uploads\/2022\/01\/coronavirus-jujuy-6-500x280.jpg 500w, https:\/\/notinor.com\/jujuy\/wp-content\/uploads\/2022\/01\/coronavirus-jujuy-6-768x432.jpg 768w, https:\/\/notinor.com\/jujuy\/wp-content\/uploads\/2022\/01\/coronavirus-jujuy-6-750x422.jpg 750w\" sizes=\"(max-width: 800px) 100vw, 800px\" \/><\/figure><\/div>\n\n\n\n<p><strong>Detalle de casos positivos seg\u00fan localidad:<\/strong><\/p>\n\n\n\n<ul><li>SAN SALVADOR DE JUJUY 1.603<\/li><li>PALPAL\u00c1 293<\/li><li>SAN PEDRO 216<\/li><li>EL CARMEN 96<\/li><li>PERICO 90<\/li><li>LA QUIACA 41<\/li><li>LIBERTADOR GENERAL SAN MART\u00cdN 30<\/li><li>HUMAHUACA 28<\/li><li>TILCARA 25<\/li><li>PALMA SOLA 19<\/li><li>SAN ANTONIO 18<\/li><li>YALA 16<\/li><li>MONTERRICO 14<\/li><li>LA ESPERANZA 14<\/li><li>LOZANO 13<\/li><li>MAIMAR\u00c1 12<\/li><li>SANTA CLARA 11<\/li><li>ABRA PAMPA 11<\/li><li>YUTO 7<\/li><li>SUSQUES 7<\/li><li>PUESTO VIEJO 7<\/li><li>LA MENDIETA 7<\/li><li>CALILEGUA 6<\/li><li>GUERRERO 5<\/li><li>FRAILE PINTADO 5<\/li><li>EL TALAR 5<\/li><li>SAN PABLO DE REYES 4<\/li><li>PURMAMARCA 4<\/li><li>PAMPA BLANCA 4<\/li><li>LOS ALISOS 4<\/li><li>EL CEIBAL 4<\/li><li>YAVI 2<\/li><li>LA ALMONA 2<\/li><li>HUACALERA 2<\/li><li>ABD\u00d3N CASTRO TOLAY 2<\/li><li>VOLC\u00c1N 1<\/li><li>TUMBAYA 1<\/li><li>TRES CRUCES 1<\/li><li>TILQUIZA 1<\/li><li>PUESTO SEY 1<\/li><li>POZUELOS 1<\/li><li>OLAROZ CHICO 1<\/li><li>MANANTIALES 1<\/li><li>LOS NOGALES 1<\/li><li>LOS LAPACHOS 1<\/li><li>LA INTERMEDIA 1<\/li><li>JUELLA 1<\/li><li>JUAN GALAN 1<\/li><li>ITURBE 1<\/li><li>EL PIQUETE 1<\/li><li>EL FUERTE 1<\/li><li>EL AGUILAR 1<\/li><li>CORANZULI 1<\/li><li>CHALIC\u00c1N 1<\/li><li>CANGREJILLOS 1<\/li><li>CAIMANCITO 1<\/li><li>ARROYO COLORADO 1<\/li><li>APARZO 1<\/li><li>AGUAS CALIENTES 1<\/li><\/ul>\n\n\n\n<p class=\"has-medium-font-size\"><strong>Estado de situaci\u00f3n desde el inicio de la pandemia:<\/strong><\/p>\n\n\n\n<p>Hasta el momento se realizaron 322.811 tests en toda la Provincia, arrojando un total de 81.201 casos positivos. Se recuperaron de la enfermedad 62.569. Fallecieron 1.632 personas. Se notific\u00f3 3 fallecimientos por Covid-19: dos hombres y una mujer entre 53 y 82 a\u00f1os de edad. Cabe aclarar que los fallecimientos son reportados e informados por el Registro Civil de la Provincia de Jujuy y corresponden a d\u00edas anteriores.<\/p>\n\n\n\n<p>El Gobierno de Jujuy lamenta la p\u00e9rdida y acompa\u00f1a con profundo dolor a las familias. Ante el m\u00ednimo s\u00edntoma que tengas, quedate en casa y consult\u00e1 con tu m\u00e9dico de cabecera o pod\u00e9s llamar al 0800-888-4767 las 24 horas o al 388 -4310494 (COE) de 08.00 a 20.00 hs.<\/p>\n","protected":false},"excerpt":{"rendered":"<p>La Subdirecci\u00f3n de Epidemiolog\u00eda informa en su Reporte diario que hoy se confirmaron 2.651 nuevos casos de COVID-19 en Jujuy y recibieron el Alta M\u00e9dica 2.507 pacientes. Detalle de casos positivos seg\u00fan localidad: SAN SALVADOR DE JUJUY 1.603 PALPAL\u00c1 293 SAN PEDRO 216 EL CARMEN 96 PERICO 90 LA QUIACA 41 LIBERTADOR GENERAL SAN MART\u00cdN [&hellip;]<\/p>\n","protected":false},"author":49,"featured_media":325796,"comment_status":"open","ping_status":"open","sticky":false,"template":"","format":"standard","meta":{"_stopmodifiedupdate":false,"_modified_date":"","inline_featured_image":false,"spay_email":"","jetpack_publicize_message":""},"categories":[2,514],"tags":[],"jetpack_featured_media_url":"https:\/\/notinor.com\/jujuy\/wp-content\/uploads\/2022\/01\/coronavirus-jujuy-6.jpg","jetpack_publicize_connections":[],"_links":{"self":[{"href":"https:\/\/notinor.com\/jujuy\/wp-json\/wp\/v2\/posts\/325795"}],"collection":[{"href":"https:\/\/notinor.com\/jujuy\/wp-json\/wp\/v2\/posts"}],"about":[{"href":"https:\/\/notinor.com\/jujuy\/wp-json\/wp\/v2\/types\/post"}],"author":[{"embeddable":true,"href":"https:\/\/notinor.com\/jujuy\/wp-json\/wp\/v2\/users\/49"}],"replies":[{"embeddable":true,"href":"https:\/\/notinor.com\/jujuy\/wp-json\/wp\/v2\/comments?post=325795"}],"version-history":[{"count":1,"href":"https:\/\/notinor.com\/jujuy\/wp-json\/wp\/v2\/posts\/325795\/revisions"}],"predecessor-version":[{"id":325797,"href":"https:\/\/notinor.com\/jujuy\/wp-json\/wp\/v2\/posts\/325795\/revisions\/325797"}],"wp:featuredmedia":[{"embeddable":true,"href":"https:\/\/notinor.com\/jujuy\/wp-json\/wp\/v2\/media\/325796"}],"wp:attachment":[{"href":"https:\/\/notinor.com\/jujuy\/wp-json\/wp\/v2\/media?parent=325795"}],"wp:term":[{"taxonomy":"category","embeddable":true,"href":"https:\/\/notinor.com\/jujuy\/wp-json\/wp\/v2\/categories?post=325795"},{"taxonomy":"post_tag","embeddable":true,"href":"https:\/\/notinor.com\/jujuy\/wp-json\/wp\/v2\/tags?post=325795"}],"curies":[{"name":"wp","href":"https:\/\/api.w.org\/{rel}","templated":true}]}}