{"id":325791,"date":"2022-01-18T20:52:32","date_gmt":"2022-01-18T23:52:32","guid":{"rendered":"https:\/\/notinor.com\/jujuy\/?p=325791"},"modified":"2022-01-18T20:52:38","modified_gmt":"2022-01-18T23:52:38","slug":"continua-el-cruce-por-redes-sociales-entre-gerardo-morales-y-wado-de-pedro-por-milagro-sala","status":"publish","type":"post","link":"https:\/\/notinor.com\/jujuy\/continua-el-cruce-por-redes-sociales-entre-gerardo-morales-y-wado-de-pedro-por-milagro-sala\/","title":{"rendered":"Contin\u00faa el cruce por redes sociales entre Gerardo Morales y Wado De Pedro por Milagro Sala"},"content":{"rendered":"\n<p class=\"has-medium-font-size\"><strong><em>El gobernador de Jujuy le record\u00f3 al ministro del Interior todas las causas en la que la ex l\u00edder de la Tupac Amaru est\u00e1 procesada o condenada. Lo invita a hablar con las v\u00edctimas de Sala que durante a\u00f1os vienen denunciando los abusos y maltratos que sufrieron.<\/em><\/strong><\/p>\n\n\n\n<div class=\"wp-block-image\"><figure class=\"aligncenter size-large\"><img decoding=\"async\" loading=\"lazy\" width=\"800\" height=\"450\" src=\"https:\/\/notinor.com\/jujuy\/wp-content\/uploads\/2022\/01\/wado-de-pedro-gerardo-morales.jpg\" alt=\"\" class=\"wp-image-325792\" srcset=\"https:\/\/notinor.com\/jujuy\/wp-content\/uploads\/2022\/01\/wado-de-pedro-gerardo-morales.jpg 800w, https:\/\/notinor.com\/jujuy\/wp-content\/uploads\/2022\/01\/wado-de-pedro-gerardo-morales-649x365.jpg 649w, https:\/\/notinor.com\/jujuy\/wp-content\/uploads\/2022\/01\/wado-de-pedro-gerardo-morales-500x280.jpg 500w, https:\/\/notinor.com\/jujuy\/wp-content\/uploads\/2022\/01\/wado-de-pedro-gerardo-morales-768x432.jpg 768w, https:\/\/notinor.com\/jujuy\/wp-content\/uploads\/2022\/01\/wado-de-pedro-gerardo-morales-750x422.jpg 750w\" sizes=\"(max-width: 800px) 100vw, 800px\" \/><\/figure><\/div>\n\n\n\n<p>Luego de que el ministro del Interior, Eduardo \"Wado\" De Pedro visitara en su casa a Milaro Sala, a la que el Gobierno nacional considera una \"presa pol\u00edtica\", el Gobernador de Jujuy, Gerardo Morales, sali\u00f3 al cruce del funcionario nacional a trav\u00e9s de las redes sociales, donde intercambiaron opiniones acerca de la ex l\u00edder de la Tupac Amaru.<\/p>\n\n\n\n<p>Morales fue contundente al se\u00f1alar en Twitter que \"Insisto, Sr. Ministro, hable con las v\u00edctimas de Milagro Sala, las que durante 10 a\u00f1os se cansaron de denunciar los ataques, vejaciones, abusos y atropellos de todo tipo que recib\u00edan por no acatar la \u201cautoridad\u201d de Milagro Sala\".<\/p>\n\n\n\n<p>\"Las causas de la condenada Sala fueron revisadas por 40 jueces y fiscales del poder judicial de Jujuy. Algunas revisadas por la Corte Suprema de Justicia de la Naci\u00f3n. Esa misma Corte que el gobierno nacional quiere destituir porque a su espacio pol\u00edtico no le gustan sus fallos\", dijo.<\/p>\n\n\n\n<p>Asimismo, le remarca a De Pedro que \"usted es un Ministro de la Naci\u00f3n y quiero saber si escuch\u00f3 las otras voces, las v\u00edctimas de la violencia y corrupci\u00f3n de Milagro Sala. Ese es el planteo\".<\/p>\n\n\n\n<figure class=\"wp-block-embed-twitter wp-block-embed is-type-rich is-provider-twitter\"><div class=\"wp-block-embed__wrapper\">\n<blockquote class=\"twitter-tweet\" data-width=\"500\" data-dnt=\"true\"><p lang=\"es\" dir=\"ltr\">Insisto, Sr. Ministro, hable con las victimas de Milagro Sala, las que durante 10 a\u00f1os se cansaron de denunciar los ataques, vejaciones, abusos y atropellos de todo tipo que recib\u00edan por no acatar la \u201cautoridad\u201d de Milagro Sala. <a href=\"https:\/\/t.co\/OblsBxZlHM\">https:\/\/t.co\/OblsBxZlHM<\/a><\/p>&mdash; Gerardo Morales (@GerardoMorales) <a href=\"https:\/\/twitter.com\/GerardoMorales\/status\/1483562475249414148?ref_src=twsrc%5Etfw\">January 18, 2022<\/a><\/blockquote><script async src=\"https:\/\/platform.twitter.com\/widgets.js\" charset=\"utf-8\"><\/script>\n<\/div><\/figure>\n\n\n\n<p>\"Con relaci\u00f3n a lo que expresa sobre Tribunal Superior de Justicia de Jujuy, le inform\u00f3 que los dos miembros que usted menciona como \u201cmilitantes\u201d, se excusaron en todas las causas de Milagro Sala. De modo tal que no intervinieron en ninguna de ellas\", se\u00f1al\u00f3.<\/p>\n\n\n\n<p>\"Pero volvamos al foco de la cuesti\u00f3n, se\u00f1or Ministro, estamos hablando de la violencia y corrupci\u00f3n de Milagro Sala. En \u00e9ste momento est\u00e1 cumpliendo una condena efectiva de 2 a\u00f1os desde feb de 2021 hasta feb de 2023, confirmada por la CSJN\".<\/p>\n\n\n\n<p>\"La causa \u201cpibes villeros\u201d est\u00e1 en \u00e9ste momento tambi\u00e9n en la CSJN, entre otras tantas causas confirmadas en instancias provinciales y federales\".<\/p>\n\n\n\n<p>\"Respecto al Presidente del Tribunal que usted se refiere, le recuerdo que eso se trat\u00f3 de una operaci\u00f3n para desacreditar al poder judicial juje\u00f1o montada por el infame Verbitsky, el primer paciente del vacunatorio VIP\", puntualiz\u00f3.<\/p>\n\n\n\n<p>Y enfatiz\u00f3 que \"tambi\u00e9n le informo ministro que desde 2015 se ha recuperado la institucionalidad en Jujuy y la independencia plena de los poderes. Por primera vez en la historia los Jueces CONCURSAN por sus cargos, nunca m\u00e1s a dedo\".<\/p>\n\n\n\n<p>\"El pueblo juje\u00f1o recuper\u00f3 La Paz y tambi\u00e9n la dignidad las familias que ten\u00edan vulnerados sus derechos por parte de la organizaci\u00f3n liderada por Milagro Sala. Usted, Ministro, sigue teniendo una sola mirada de la situaci\u00f3n en Jujuy, le pido que reconsidere escuchar a las v\u00edctimas\", subray\u00f3 Morales.<\/p>\n\n\n\n<p>Finalmente, el Gobernador cuestion\u00f3: \"Y a prop\u00f3sito de la Corte, escuch\u00e9 por ah\u00ed que quieren ampliarla tambi\u00e9n, d\u00edgame si es as\u00ed o no?\"<\/p>\n\n\n\n<p>\"Finalmente le pregunto Ministro, usted menciona lo de la intervenci\u00f3n al poder judicial de Jujuy \u00bfesto lo menciona al pasar o es una amenaza?\", concluy\u00f3.<\/p>\n","protected":false},"excerpt":{"rendered":"<p>El gobernador de Jujuy le record\u00f3 al ministro del Interior todas las causas en la que la ex l\u00edder de la Tupac Amaru est\u00e1 procesada o condenada. Lo invita a hablar con las v\u00edctimas de Sala que durante a\u00f1os vienen denunciando los abusos y maltratos que sufrieron. Luego de que el ministro del Interior, Eduardo [&hellip;]<\/p>\n","protected":false},"author":49,"featured_media":325792,"comment_status":"open","ping_status":"open","sticky":false,"template":"","format":"standard","meta":{"_stopmodifiedupdate":false,"_modified_date":"","inline_featured_image":false,"spay_email":"","jetpack_publicize_message":""},"categories":[2,501],"tags":[],"jetpack_featured_media_url":"https:\/\/notinor.com\/jujuy\/wp-content\/uploads\/2022\/01\/wado-de-pedro-gerardo-morales.jpg","jetpack_publicize_connections":[],"_links":{"self":[{"href":"https:\/\/notinor.com\/jujuy\/wp-json\/wp\/v2\/posts\/325791"}],"collection":[{"href":"https:\/\/notinor.com\/jujuy\/wp-json\/wp\/v2\/posts"}],"about":[{"href":"https:\/\/notinor.com\/jujuy\/wp-json\/wp\/v2\/types\/post"}],"author":[{"embeddable":true,"href":"https:\/\/notinor.com\/jujuy\/wp-json\/wp\/v2\/users\/49"}],"replies":[{"embeddable":true,"href":"https:\/\/notinor.com\/jujuy\/wp-json\/wp\/v2\/comments?post=325791"}],"version-history":[{"count":1,"href":"https:\/\/notinor.com\/jujuy\/wp-json\/wp\/v2\/posts\/325791\/revisions"}],"predecessor-version":[{"id":325793,"href":"https:\/\/notinor.com\/jujuy\/wp-json\/wp\/v2\/posts\/325791\/revisions\/325793"}],"wp:featuredmedia":[{"embeddable":true,"href":"https:\/\/notinor.com\/jujuy\/wp-json\/wp\/v2\/media\/325792"}],"wp:attachment":[{"href":"https:\/\/notinor.com\/jujuy\/wp-json\/wp\/v2\/media?parent=325791"}],"wp:term":[{"taxonomy":"category","embeddable":true,"href":"https:\/\/notinor.com\/jujuy\/wp-json\/wp\/v2\/categories?post=325791"},{"taxonomy":"post_tag","embeddable":true,"href":"https:\/\/notinor.com\/jujuy\/wp-json\/wp\/v2\/tags?post=325791"}],"curies":[{"name":"wp","href":"https:\/\/api.w.org\/{rel}","templated":true}]}}