{"id":323397,"date":"2021-12-23T16:16:18","date_gmt":"2021-12-23T19:16:18","guid":{"rendered":"https:\/\/notinor.com\/jujuy\/?p=323397"},"modified":"2021-12-23T16:16:22","modified_gmt":"2021-12-23T19:16:22","slug":"federico-gatti-es-el-nuevo-presidente-de-la-union-industrial-de-jujuy","status":"publish","type":"post","link":"https:\/\/notinor.com\/jujuy\/federico-gatti-es-el-nuevo-presidente-de-la-union-industrial-de-jujuy\/","title":{"rendered":"Federico Gatti es el nuevo presidente de la Uni\u00f3n Industrial de Jujuy"},"content":{"rendered":"\n<p class=\"has-medium-font-size\"><strong><em>El administrador general de la empresa Ledesma, Federico Gatti, asumi\u00f3 este martes como presidente de la Uni\u00f3n Industrial de Jujuy (UIJ), luego de una asamblea realizada por sus miembros en la empresa Papel NOA de Palpal\u00e1.<\/em><\/strong><\/p>\n\n\n\n<div class=\"wp-block-image\"><figure class=\"aligncenter size-large\"><img decoding=\"async\" loading=\"lazy\" width=\"800\" height=\"450\" src=\"https:\/\/notinor.com\/jujuy\/wp-content\/uploads\/2021\/12\/federico-gatti.jpg\" alt=\"\" class=\"wp-image-323398\" srcset=\"https:\/\/notinor.com\/jujuy\/wp-content\/uploads\/2021\/12\/federico-gatti.jpg 800w, https:\/\/notinor.com\/jujuy\/wp-content\/uploads\/2021\/12\/federico-gatti-649x365.jpg 649w, https:\/\/notinor.com\/jujuy\/wp-content\/uploads\/2021\/12\/federico-gatti-500x280.jpg 500w, https:\/\/notinor.com\/jujuy\/wp-content\/uploads\/2021\/12\/federico-gatti-768x432.jpg 768w, https:\/\/notinor.com\/jujuy\/wp-content\/uploads\/2021\/12\/federico-gatti-750x422.jpg 750w\" sizes=\"(max-width: 800px) 100vw, 800px\" \/><\/figure><\/div>\n\n\n\n<p>La nueva comisi\u00f3n directiva se completa con Alberto Galli (C\u00e1mara de Comercio Exterior), vicepresidente primero; Eduardo Kingard (Tallter SRL), vicepresidente segundo; Oscar Zacur (Papelera del NOA), vicepresidente tercero; Franco Mignaco (C\u00e1mara Minera de Jujuy), vicepresidente cuarto; Ricardo S\u00e1nchez Riera, secretario (Ingenio R\u00edo Grande); Dami\u00e1n Palou, tesorero (Termoboro) y vocales: Nilo Carri\u00f3n (C\u00e1mara Minera de Jujuy), Mat\u00edas Luchesi (Gasnor), Jos\u00e9 Mar\u00eda Casares (Nortrading), Marcio Ugarte (Reciclados Palpal\u00e1), Gast\u00f3n Jacquet (TV Music House), Ernesto Vaccaro (Ejesa) y Vicente Juan Costa (Aceros Zapla).<\/p>\n\n\n\n<p>Esta nueva gesti\u00f3n se dar\u00e1 continuidad al trabajo del presidente anterior y actual vocal de la UIJ, Nilo Carri\u00f3n. En b\u00fasqueda de consenso y pol\u00edticas estrat\u00e9gicas que ayuden a construir una provincia m\u00e1s competitiva y m\u00e1s sostenible medioambientalmente.<\/p>\n\n\n\n<p>Gatti se\u00f1al\u00f3 as\u00ed: \u201cVamos a seguir trabajando con los ministerios de Ambiente y Desarrollo Productivo, la Uni\u00f3n Industrial Argentina y el Gobierno, para que las empresas de Jujuy puedan producir sosteniblemente\u201d, adem\u00e1s \u201cinvitamos a los empresarios juje\u00f1os a conversar con nosotros para encontrar mediante el di\u00e1logo las propuestas que nos permitan crecer en una provincia competitiva, desarrollada y pr\u00f3spera\u201d.<\/p>\n\n\n\n<p>La Uni\u00f3n Industrial de Jujuy est\u00e1 asociada a la Uni\u00f3n Industrial Argentina, y desde 2018 se sum\u00f3 a la UNINOA, la Uni\u00f3n de Industrial del Noroeste Argentino, un espacio integrado por la representaci\u00f3n gremial empresaria de las provincias del Norte. Se trata de un espacio en el que se promueve el desarrollo arm\u00f3nico de la actividad productiva de la regi\u00f3n y se proponer la formulaci\u00f3n de pol\u00edticas activas de estado que eliminen las asimetr\u00edas competitivas con las \u00e1reas metropolitanas cercanas a los puertos.<\/p>\n\n\n\n<p>Federico Gatti tiene un MBA (Master of Business Administration) de la Pontificia Universidad Cat\u00f3lica Argentina, es licenciado en Ciencias Pol\u00edticas y Relaciones Internacionales (Universidad Cat\u00f3lica Argentina), fue vicepresidente de la UIJ, presidi\u00f3 la Fundaci\u00f3n Juje\u00f1a para el Desarrollo (Fujudes) y desde hace 18 a\u00f1os es administrador general de la empresa Ledesma, tiene a su cargo las relaciones institucionales de la empresa en el NOA.<\/p>\n","protected":false},"excerpt":{"rendered":"<p>El administrador general de la empresa Ledesma, Federico Gatti, asumi\u00f3 este martes como presidente de la Uni\u00f3n Industrial de Jujuy (UIJ), luego de una asamblea realizada por sus miembros en la empresa Papel NOA de Palpal\u00e1. La nueva comisi\u00f3n directiva se completa con Alberto Galli (C\u00e1mara de Comercio Exterior), vicepresidente primero; Eduardo Kingard (Tallter SRL), [&hellip;]<\/p>\n","protected":false},"author":49,"featured_media":323398,"comment_status":"open","ping_status":"open","sticky":false,"template":"","format":"standard","meta":{"_stopmodifiedupdate":false,"_modified_date":"","inline_featured_image":false,"spay_email":"","jetpack_publicize_message":""},"categories":[2,514],"tags":[],"jetpack_featured_media_url":"https:\/\/notinor.com\/jujuy\/wp-content\/uploads\/2021\/12\/federico-gatti.jpg","jetpack_publicize_connections":[],"_links":{"self":[{"href":"https:\/\/notinor.com\/jujuy\/wp-json\/wp\/v2\/posts\/323397"}],"collection":[{"href":"https:\/\/notinor.com\/jujuy\/wp-json\/wp\/v2\/posts"}],"about":[{"href":"https:\/\/notinor.com\/jujuy\/wp-json\/wp\/v2\/types\/post"}],"author":[{"embeddable":true,"href":"https:\/\/notinor.com\/jujuy\/wp-json\/wp\/v2\/users\/49"}],"replies":[{"embeddable":true,"href":"https:\/\/notinor.com\/jujuy\/wp-json\/wp\/v2\/comments?post=323397"}],"version-history":[{"count":1,"href":"https:\/\/notinor.com\/jujuy\/wp-json\/wp\/v2\/posts\/323397\/revisions"}],"predecessor-version":[{"id":323399,"href":"https:\/\/notinor.com\/jujuy\/wp-json\/wp\/v2\/posts\/323397\/revisions\/323399"}],"wp:featuredmedia":[{"embeddable":true,"href":"https:\/\/notinor.com\/jujuy\/wp-json\/wp\/v2\/media\/323398"}],"wp:attachment":[{"href":"https:\/\/notinor.com\/jujuy\/wp-json\/wp\/v2\/media?parent=323397"}],"wp:term":[{"taxonomy":"category","embeddable":true,"href":"https:\/\/notinor.com\/jujuy\/wp-json\/wp\/v2\/categories?post=323397"},{"taxonomy":"post_tag","embeddable":true,"href":"https:\/\/notinor.com\/jujuy\/wp-json\/wp\/v2\/tags?post=323397"}],"curies":[{"name":"wp","href":"https:\/\/api.w.org\/{rel}","templated":true}]}}