{"id":321789,"date":"2021-12-10T20:49:00","date_gmt":"2021-12-10T23:49:00","guid":{"rendered":"https:\/\/notinor.com\/jujuy\/?p=321789"},"modified":"2021-12-13T08:56:25","modified_gmt":"2021-12-13T11:56:25","slug":"el-pesebre-a-gran-escala-quedo-instalado-en-el-parque-xibi-xibi","status":"publish","type":"post","link":"https:\/\/notinor.com\/jujuy\/el-pesebre-a-gran-escala-quedo-instalado-en-el-parque-xibi-xibi\/","title":{"rendered":"El pesebre a gran escala qued\u00f3 instalado en el Parque Xibi Xibi"},"content":{"rendered":"\n<p>En un trabajo conjunto entre la secretar\u00eda de Obras P\u00fablicas, Servicios P\u00fablicos y la direcci\u00f3n de Cultura, dependiente de la secretar\u00eda de Cultura y Turismo, quedaron emplazadas las esculturas que dan vida al nacimiento del Ni\u00f1o Jes\u00fas, en un lugar emblem\u00e1tico para los vecinos de San Salvador de Jujuy.<\/p>\n\n\n\n<div class=\"wp-block-image\"><figure class=\"aligncenter size-large is-resized\"><img decoding=\"async\" loading=\"lazy\" src=\"https:\/\/notinor.com\/jujuy\/wp-content\/uploads\/2021\/12\/pesebre1.jpg\" alt=\"\" class=\"wp-image-321794\" width=\"496\" height=\"269\"\/><\/figure><\/div>\n\n\n\n<p>En este contexto, el coordinador del Centro Cultural \"H\u00e9ctor Tiz\u00f3n\", Joaqu\u00edn L\u00f3pez, coment\u00f3, \"el pesebre en tama\u00f1o natural ya es una tradici\u00f3n del Municipio y hace unos a\u00f1os que el lugar elegido es el Anfiteatro Las Lavanderas, con el objetivo de promover el esp\u00edritu caracter\u00edstico de esta \u00e9poca del a\u00f1o\".<\/p>\n\n\n\n<p>Adem\u00e1s, L\u00f3pez agreg\u00f3, \"al mismo tiempo seguimos impulsando actividades y propuestas culturales para nuestra comunidad teniendo en cuenta que el Anfiteatro es un escenario ya consagrado para todo tipo de expresiones art\u00edsticas y culturales, por lo que en esta oportunidad, la propuesta del pesebre resulta de un trabajo articulado con la secretar\u00eda de Obras y Servicios P\u00fablicos, para que los vecinos que visitan el Parque puedan disfrutarlo\".<\/p>\n","protected":false},"excerpt":{"rendered":"<p>En un trabajo conjunto entre la secretar\u00eda de Obras P\u00fablicas, Servicios P\u00fablicos y la direcci\u00f3n de Cultura, dependiente de la secretar\u00eda de Cultura y Turismo, quedaron emplazadas las esculturas que dan vida al nacimiento del Ni\u00f1o Jes\u00fas, en un lugar emblem\u00e1tico para los vecinos de San Salvador de Jujuy. En este contexto, el coordinador del [&hellip;]<\/p>\n","protected":false},"author":5,"featured_media":321791,"comment_status":"open","ping_status":"open","sticky":false,"template":"","format":"standard","meta":{"_stopmodifiedupdate":false,"_modified_date":"","inline_featured_image":false,"spay_email":"","jetpack_publicize_message":""},"categories":[13],"tags":[],"jetpack_featured_media_url":"https:\/\/notinor.com\/jujuy\/wp-content\/uploads\/2021\/12\/pesebre.jpg","jetpack_publicize_connections":[],"_links":{"self":[{"href":"https:\/\/notinor.com\/jujuy\/wp-json\/wp\/v2\/posts\/321789"}],"collection":[{"href":"https:\/\/notinor.com\/jujuy\/wp-json\/wp\/v2\/posts"}],"about":[{"href":"https:\/\/notinor.com\/jujuy\/wp-json\/wp\/v2\/types\/post"}],"author":[{"embeddable":true,"href":"https:\/\/notinor.com\/jujuy\/wp-json\/wp\/v2\/users\/5"}],"replies":[{"embeddable":true,"href":"https:\/\/notinor.com\/jujuy\/wp-json\/wp\/v2\/comments?post=321789"}],"version-history":[{"count":1,"href":"https:\/\/notinor.com\/jujuy\/wp-json\/wp\/v2\/posts\/321789\/revisions"}],"predecessor-version":[{"id":321795,"href":"https:\/\/notinor.com\/jujuy\/wp-json\/wp\/v2\/posts\/321789\/revisions\/321795"}],"wp:featuredmedia":[{"embeddable":true,"href":"https:\/\/notinor.com\/jujuy\/wp-json\/wp\/v2\/media\/321791"}],"wp:attachment":[{"href":"https:\/\/notinor.com\/jujuy\/wp-json\/wp\/v2\/media?parent=321789"}],"wp:term":[{"taxonomy":"category","embeddable":true,"href":"https:\/\/notinor.com\/jujuy\/wp-json\/wp\/v2\/categories?post=321789"},{"taxonomy":"post_tag","embeddable":true,"href":"https:\/\/notinor.com\/jujuy\/wp-json\/wp\/v2\/tags?post=321789"}],"curies":[{"name":"wp","href":"https:\/\/api.w.org\/{rel}","templated":true}]}}