{"id":31951,"date":"2015-06-17T03:10:47","date_gmt":"2015-06-17T06:10:47","guid":{"rendered":"http:\/\/notinor.com\/jujuy\/?p=31951"},"modified":"2015-07-31T13:31:01","modified_gmt":"2015-07-31T16:31:01","slug":"carolina-moises-nos-tienen-presos-en-un-sistema-totalmente-obsoleto-y-cerrado-que-no-se-abre-a-la-participacion","status":"publish","type":"post","link":"https:\/\/notinor.com\/jujuy\/carolina-moises-nos-tienen-presos-en-un-sistema-totalmente-obsoleto-y-cerrado-que-no-se-abre-a-la-participacion\/","title":{"rendered":"Carolina Mois\u00e9s: \u201cNos tienen presos en un sistema totalmente obsoleto y cerrado\u201d"},"content":{"rendered":"<p>Por Elizabeth Aybar||\u00a0La actual Secretaria de Integraci\u00f3n Regional y Relaciones Internacionales de la provincia expreso recientemente, a trav\u00e9s de diferentes medios, sus aspiraciones pol\u00edticas para este 2015, ratificando\u00a0su deseo de ser candidata a Diputada Nacional por el\u00a0Frente para la Victoria.<\/p>\n<p>Al respecto, NOTINOR.COM\u00a0 dialog\u00f3 con ella en una entrevista en la que la funcionaria expres\u00f3 su disconformidad en cuanto a la no aprobaci\u00f3n de la reforma constitucional y electoral como as\u00ed tambi\u00e9n su\u00a0descreimiento a las encuestas pol\u00edticas que rondan en Jujuy.<\/p>\n<p>\u201cYo creo que Frente para la Victoria tiene que hacer una propuesta muy positiva con los candidatos que le ofrezca a los ciudadanos juje\u00f1os en las pr\u00f3ximas elecciones. Tenemos un escenario donde va haber una transici\u00f3n despu\u00e9s del 10 de diciembre y esperamos conducirla y que el proyecto que venimos llevando adelante con la presidenta se sostenga en el tiempo\u201d asever\u00f3.<\/p>\n<p>As\u00ed es como manifest\u00f3 su expreso deseo de formar parte de la banca a diputada nacional considerando que es all\u00ed donde se dan las grandes transformaciones que se lograron en la Rep\u00fablica Argentina.<\/p>\n<p>Conf\u00eda pero tambi\u00e9n toma cautela en cuanto al resultado que pueda obtener el partido Frente para la Victoria (FPV) teniendo en cuenta los resultados obtenidos en las otras provincias en las \u00faltimas elecciones. \u201cYo creo que el resultado positivo va creciendo d\u00eda a d\u00eda para el FPV, (\u2026) en un escenario complicado como el de Santa Fe, por ejemplo, acabamos de conseguir un tercio de la torta electoral. Eso significa un 30% de santafecinos, que con una candidatura como la de Perotti que en muy poco tiempo tomo forma ha conseguido un resultado igual que el PRO\u00a0 o del Socialismo. En Salta el resultado ha sido abrumador con un respaldo total a la candidatura de Juan Urtubey como gobernador. Por eso yo creo que por un lado va la opini\u00f3n p\u00fablica, publicada y la opini\u00f3n encuestada y por otro lado va la realidad. La gente cuando tiene que decidir el voto, all\u00ed pesan otros valores\u201d explic\u00f3.<\/p>\n<p>Al preguntarle sobre las encuestas y la diferencia que expresan desde el Frente Cambio Jujuy a su favor, la Lic. Mois\u00e9s expreso su descreimiento al respecto, \u201clas encuestas en Jujuy son muy relativas, porque somos una provincia peque\u00f1a que tiene ciudades medianas y peque\u00f1as, y en ese escenario solo expresa una opini\u00f3n, pero estoy convencida que en lugares como en Jujuy \u00a0no llegan a expresar la voluntad electoral. Una cosa es lo que la gente dice cuando viene un encuestador y pregunta y otra cosa es\u00a0 lo que la gente hace cuando efectivamente tiene que elegir y votar. Quiz\u00e1s en las grandes aglomeraciones y ciudades, la valoraci\u00f3n de la encuesta sea mucho m\u00e1s fuerte en t\u00e9rminos que hay un electorado independiente mucho m\u00e1s grande, en cambio en las provincias como la nuestra la gente tiene un sentido de pertenencia y una priorizaci\u00f3n del voto totalmente diferente.<\/p>\n<p>En segundo lugar, yo dudo mucho que esas encuestas hoy sean cre\u00edbles en la medida que el FPV no tiene ning\u00fan candidato puesto, ceo que Cambio Jujuy viene con toda una estrategia de posicionamiento del grupo en su conjunto y adem\u00e1s de figuras y de personalidades que ya son candidatos en toda la provincia y el FPV no tiene sus candidatos, entonces es irrisorio medir una fuerza que tiene candidatos con otras que no lo tiene\u201d finaliz\u00f3.<\/p>\n<p>En otro tramo de la entrevista expreso su descontento en cuanto a la imposibilidad de realizar la reforma constitucional y electoral, \u201cnos tienen presos en un sistema totalmente obsoleto y cerrado que no se abre a la participaci\u00f3n que no\u00a0 permite la competencia y competitividad en las distintas alternativas, ni siquiera permite la representaci\u00f3n pol\u00edtica que tiene la legitimidad de sectores minoritarios como la izquierda que hoy por el piso electoral no pueden acceder a una banca. Hay una enorme cuenta pendiente de todo el sistema pol\u00edtico juje\u00f1o donde est\u00e1 involucrada tambi\u00e9n la oposici\u00f3n, porque parece como si fueran los buenos de la pol\u00edtica como si no tuvieran responsabilidad y la tienen en la definici\u00f3n del sistema pol\u00edtico de Jujuy sobretodo en los \u00faltimos 20 a\u00f1os\u201d .<\/p>\n<p>&nbsp;<\/p>\n<p>Para finalizar manifest\u00f3 su disconformidad en cuanto a los viejos sistemas y procesos pol\u00edticos en la provincia \u201choy lamentablemente no pudimos ir a un proceso de internas abiertas simultaneas y obligatorias de todos los partidos pol\u00edticos y para todas las fuerzas en todas las categor\u00edas de candidatos para los cargos provinciales con lo cual estamos totalmente limitados a la de siempre, a que lamentablemente algunos dirigentes peronistas y radicales se pongan de acuerdo y se sienten a una mesa y digan quienes van a ser los candidatos. La verdad que me parece una manera totalmente prehist\u00f3rica de manejarse en pol\u00edtica\u201d.<\/p>\n","protected":false},"excerpt":{"rendered":"<p>Por Elizabeth Aybar||\u00a0La actual Secretaria de Integraci\u00f3n Regional y Relaciones Internacionales de la provincia expreso recientemente, a trav\u00e9s de diferentes medios, sus aspiraciones pol\u00edticas para este 2015, ratificando\u00a0su deseo de ser candidata a Diputada Nacional por el\u00a0Frente para la Victoria. Al respecto, NOTINOR.COM\u00a0 dialog\u00f3 con ella en una entrevista en la que la funcionaria expres\u00f3 [&hellip;]<\/p>\n","protected":false},"author":1,"featured_media":31955,"comment_status":"open","ping_status":"open","sticky":false,"template":"","format":"standard","meta":{"_stopmodifiedupdate":false,"_modified_date":"","inline_featured_image":false},"categories":[493],"tags":[],"jetpack_featured_media_url":"https:\/\/notinor.com\/jujuy\/wp-content\/uploads\/2015\/06\/images5.jpg","_links":{"self":[{"href":"https:\/\/notinor.com\/jujuy\/wp-json\/wp\/v2\/posts\/31951"}],"collection":[{"href":"https:\/\/notinor.com\/jujuy\/wp-json\/wp\/v2\/posts"}],"about":[{"href":"https:\/\/notinor.com\/jujuy\/wp-json\/wp\/v2\/types\/post"}],"author":[{"embeddable":true,"href":"https:\/\/notinor.com\/jujuy\/wp-json\/wp\/v2\/users\/1"}],"replies":[{"embeddable":true,"href":"https:\/\/notinor.com\/jujuy\/wp-json\/wp\/v2\/comments?post=31951"}],"version-history":[{"count":5,"href":"https:\/\/notinor.com\/jujuy\/wp-json\/wp\/v2\/posts\/31951\/revisions"}],"predecessor-version":[{"id":38280,"href":"https:\/\/notinor.com\/jujuy\/wp-json\/wp\/v2\/posts\/31951\/revisions\/38280"}],"wp:featuredmedia":[{"embeddable":true,"href":"https:\/\/notinor.com\/jujuy\/wp-json\/wp\/v2\/media\/31955"}],"wp:attachment":[{"href":"https:\/\/notinor.com\/jujuy\/wp-json\/wp\/v2\/media?parent=31951"}],"wp:term":[{"taxonomy":"category","embeddable":true,"href":"https:\/\/notinor.com\/jujuy\/wp-json\/wp\/v2\/categories?post=31951"},{"taxonomy":"post_tag","embeddable":true,"href":"https:\/\/notinor.com\/jujuy\/wp-json\/wp\/v2\/tags?post=31951"}],"curies":[{"name":"wp","href":"https:\/\/api.w.org\/{rel}","templated":true}]}}