{"id":319309,"date":"2021-11-22T19:29:11","date_gmt":"2021-11-22T22:29:11","guid":{"rendered":"https:\/\/notinor.com\/jujuy\/?p=319309"},"modified":"2021-11-22T19:29:16","modified_gmt":"2021-11-22T22:29:16","slug":"hoy-es-el-dia-del-ceibo-la-flor-nacional-de-la-argentina","status":"publish","type":"post","link":"https:\/\/notinor.com\/jujuy\/hoy-es-el-dia-del-ceibo-la-flor-nacional-de-la-argentina\/","title":{"rendered":"Hoy es el d\u00eda del Ceibo, la flor nacional de la Argentina"},"content":{"rendered":"\n<p class=\"has-medium-font-size\"><strong><em>Se trata de una especie aut\u00f3ctona que crece a la vera del Paran\u00e1 y del R\u00edo de la Plata. La leyenda sobre su origen y la pulseada con la magnolia a la hora de su elecci\u00f3n. Por qu\u00e9 se le confiri\u00f3 ese car\u00e1cter representativo del pa\u00eds.<\/em><\/strong><\/p>\n\n\n\n<div class=\"wp-block-image\"><figure class=\"aligncenter size-large\"><img decoding=\"async\" loading=\"lazy\" width=\"800\" height=\"450\" src=\"https:\/\/notinor.com\/jujuy\/wp-content\/uploads\/2021\/11\/ceibo.jpeg\" alt=\"\" class=\"wp-image-319310\" srcset=\"https:\/\/notinor.com\/jujuy\/wp-content\/uploads\/2021\/11\/ceibo.jpeg 800w, https:\/\/notinor.com\/jujuy\/wp-content\/uploads\/2021\/11\/ceibo-649x365.jpeg 649w, https:\/\/notinor.com\/jujuy\/wp-content\/uploads\/2021\/11\/ceibo-500x280.jpeg 500w, https:\/\/notinor.com\/jujuy\/wp-content\/uploads\/2021\/11\/ceibo-768x432.jpeg 768w, https:\/\/notinor.com\/jujuy\/wp-content\/uploads\/2021\/11\/ceibo-750x422.jpeg 750w\" sizes=\"(max-width: 800px) 100vw, 800px\" \/><\/figure><\/div>\n\n\n\n<p>Este lunes 22 de noviembre se celebra el D\u00eda de la Flor Nacional: el ceibo, que en Argentina fue declarada como flor nacional en 1942.<\/p>\n\n\n\n<p>En 1910, a\u00f1o del centenario de la Revoluci\u00f3n de Mayo, un grupo de bi\u00f3logos integrado por \u00c1ngel Gallardo, Eduardo Holmberg, Miguel Lillo, Juan Dom\u00ednguez y Crist\u00f3bal Hicken present\u00f3 una propuesta al gobierno para elegir una flor nacional.<\/p>\n\n\n\n<p>Pero fue reci\u00e9n en 1928 cuando una revista realiz\u00f3 una encuesta de la que participaron casi 8 mil personas que eligieron a la magnolia como flor nacional. Sin embargo, Mart\u00edn Doello Jurado, entonces director del Museo de Historia Natural, rechaz\u00f3 el veredicto porque no se trataba de una especie aut\u00f3ctona.<\/p>\n\n\n\n<p>Dos a\u00f1os m\u00e1s tarde, el diario La Raz\u00f3n hizo otra encuesta en entre m\u00e1s de 20 mil personas y se eligi\u00f3 al ceibo.<\/p>\n\n\n\n<p>En 1941, el gobierno nacional y el Ministerio de Agricultura conform\u00f3 una Comisi\u00f3n Nacional encargada de designar cu\u00e1l flor reun\u00eda los m\u00e9ritos suficientes para la representaci\u00f3n local.<\/p>\n\n\n\n<p>Un a\u00f1o despu\u00e9s el Gobierno decret\u00f3 al ceibo como Flor Nacional Argentina mediante el Decreto N\u00ba 13.847 y en 2008 se estableci\u00f3 el 22 de noviembre como el D\u00eda Nacional del Ceibo.<\/p>\n\n\n\n<p class=\"has-medium-font-size\"><strong>Erythrina crista-galli: c\u00f3mo es la flor de Ceibo<\/strong><\/p>\n\n\n\n<p>Su nombre gen\u00e9rico es Erythrina crista-galli. \u201cErythros\u201d significa rojo en griego, en referencia al color de la flor, mientras que \u201ccrista-galli\u201d se\u00f1ala la similitud con la cresta del gallo.<\/p>\n\n\n\n<p>El \u00e1rbol del ceibo es aut\u00f3ctono de Am\u00e9rica latina, en especial de Argentina, Uruguay -donde tambi\u00e9n es la flor nacional-, Brasil y Paraguay y florece de noviembre a febrero. Las flores pueden llegar a medir entre 6 y 10 cent\u00edmetros.<\/p>\n\n\n\n<p>Por lo general, el \u00e1rbol del ceibo crece en las orillas del Paran\u00e1 y del R\u00edo de la Plata, pero se lo puede hallar tambi\u00e9n en zonas cercanas a r\u00edos, lagos y zonas pantanosas. Puede alcanzar los 20 metros de altura, tronco robusto, de corteza persistente y asurcada y follaje caduco, aunque en estado -como a orillas del r\u00edo- no pasa de ser un arbusto.<\/p>\n\n\n\n<p class=\"has-medium-font-size\"><strong>La flor del ceibo en las monedas argentinas<\/strong><\/p>\n\n\n\n<p>Actualmente, las monedas emitidas por el Banco Central pertenecen a la L\u00ednea Peso \u00c1rboles, que son acu\u00f1adas con las im\u00e1genes de \u00e1rboles aut\u00f3ctonos. Sin embargo, el ceibo no aparece en ninguna de las monedas que circulan.<\/p>\n\n\n\n<p>El Jacarand\u00e1, el Palo Borracho, el Array\u00e1n y el Cald\u00e9n son los \u00e1rboles que figuran en las monedas de $1, $2, $5 y $10, respectivamente.<\/p>\n\n\n\n<p class=\"has-medium-font-size\"><strong>La leyenda de la flor del ceibo<\/strong><\/p>\n\n\n\n<p>De acuerdo a la tradici\u00f3n oral, la flor del ceibo naci\u00f3 cuando Anah\u00ed, una joven guaran\u00ed, fue condenada a morir despu\u00e9s de un combate entre su tribu y el ej\u00e9rcito invasor.<\/p>\n\n\n\n<p>Seg\u00fan la leyenda, la ni\u00f1a cantaba y los p\u00e1jaros callaban para escucharla. Pero cuando los invasores la capturaron y la condenaron a morir en la hoguera, detalla la p\u00e1gina del Ministerio de Cultura, \u201cAnah\u00ed comenz\u00f3 a cantar. Era como una invocaci\u00f3n a su selva, a su tierra, a la que le entregaba su coraz\u00f3n antes de morir\u201d.<\/p>\n","protected":false},"excerpt":{"rendered":"<p>Se trata de una especie aut\u00f3ctona que crece a la vera del Paran\u00e1 y del R\u00edo de la Plata. La leyenda sobre su origen y la pulseada con la magnolia a la hora de su elecci\u00f3n. Por qu\u00e9 se le confiri\u00f3 ese car\u00e1cter representativo del pa\u00eds. Este lunes 22 de noviembre se celebra el D\u00eda [&hellip;]<\/p>\n","protected":false},"author":49,"featured_media":319310,"comment_status":"open","ping_status":"open","sticky":false,"template":"","format":"standard","meta":{"_stopmodifiedupdate":false,"_modified_date":"","inline_featured_image":false,"spay_email":"","jetpack_publicize_message":""},"categories":[5,13],"tags":[],"jetpack_featured_media_url":"https:\/\/notinor.com\/jujuy\/wp-content\/uploads\/2021\/11\/ceibo.jpeg","jetpack_publicize_connections":[],"_links":{"self":[{"href":"https:\/\/notinor.com\/jujuy\/wp-json\/wp\/v2\/posts\/319309"}],"collection":[{"href":"https:\/\/notinor.com\/jujuy\/wp-json\/wp\/v2\/posts"}],"about":[{"href":"https:\/\/notinor.com\/jujuy\/wp-json\/wp\/v2\/types\/post"}],"author":[{"embeddable":true,"href":"https:\/\/notinor.com\/jujuy\/wp-json\/wp\/v2\/users\/49"}],"replies":[{"embeddable":true,"href":"https:\/\/notinor.com\/jujuy\/wp-json\/wp\/v2\/comments?post=319309"}],"version-history":[{"count":1,"href":"https:\/\/notinor.com\/jujuy\/wp-json\/wp\/v2\/posts\/319309\/revisions"}],"predecessor-version":[{"id":319311,"href":"https:\/\/notinor.com\/jujuy\/wp-json\/wp\/v2\/posts\/319309\/revisions\/319311"}],"wp:featuredmedia":[{"embeddable":true,"href":"https:\/\/notinor.com\/jujuy\/wp-json\/wp\/v2\/media\/319310"}],"wp:attachment":[{"href":"https:\/\/notinor.com\/jujuy\/wp-json\/wp\/v2\/media?parent=319309"}],"wp:term":[{"taxonomy":"category","embeddable":true,"href":"https:\/\/notinor.com\/jujuy\/wp-json\/wp\/v2\/categories?post=319309"},{"taxonomy":"post_tag","embeddable":true,"href":"https:\/\/notinor.com\/jujuy\/wp-json\/wp\/v2\/tags?post=319309"}],"curies":[{"name":"wp","href":"https:\/\/api.w.org\/{rel}","templated":true}]}}