{"id":319062,"date":"2021-11-18T16:57:36","date_gmt":"2021-11-18T19:57:36","guid":{"rendered":"https:\/\/notinor.com\/jujuy\/?p=319062"},"modified":"2021-11-18T16:57:40","modified_gmt":"2021-11-18T19:57:40","slug":"jujuy-fue-reconocida-a-nivel-nacional-en-materia-de-mediacion-comunitaria","status":"publish","type":"post","link":"https:\/\/notinor.com\/jujuy\/jujuy-fue-reconocida-a-nivel-nacional-en-materia-de-mediacion-comunitaria\/","title":{"rendered":"Jujuy fue reconocida a nivel nacional en materia de Mediaci\u00f3n Comunitaria"},"content":{"rendered":"\n<p class=\"has-medium-font-size\"><strong><em>Se trata de un reconocimiento de la Red Federal de Centros de Mediaci\u00f3n Comunitaria, publicado en el \"Bolet\u00edn de red 2021\".<\/em><\/strong><\/p>\n\n\n\n<div class=\"wp-block-image\"><figure class=\"aligncenter size-large\"><img decoding=\"async\" loading=\"lazy\" width=\"800\" height=\"450\" src=\"https:\/\/notinor.com\/jujuy\/wp-content\/uploads\/2021\/11\/mediacion-comunitaria.jpg\" alt=\"\" class=\"wp-image-319063\" srcset=\"https:\/\/notinor.com\/jujuy\/wp-content\/uploads\/2021\/11\/mediacion-comunitaria.jpg 800w, https:\/\/notinor.com\/jujuy\/wp-content\/uploads\/2021\/11\/mediacion-comunitaria-649x365.jpg 649w, https:\/\/notinor.com\/jujuy\/wp-content\/uploads\/2021\/11\/mediacion-comunitaria-500x280.jpg 500w, https:\/\/notinor.com\/jujuy\/wp-content\/uploads\/2021\/11\/mediacion-comunitaria-768x432.jpg 768w, https:\/\/notinor.com\/jujuy\/wp-content\/uploads\/2021\/11\/mediacion-comunitaria-750x422.jpg 750w\" sizes=\"(max-width: 800px) 100vw, 800px\" \/><\/figure><\/div>\n\n\n\n<p>La Direcci\u00f3n de Mediaci\u00f3n y Resoluci\u00f3n Alterativa de Conflictos de la Provincia, fue reconocida por su labor, acciones de impartir y promover la Mediaci\u00f3n Comunitaria.<\/p>\n\n\n\n<p>Se trata de un reconocimiento de la Red Federal de Centros de Mediaci\u00f3n Comunitaria, publicado en el \u201cBolet\u00edn de red 2021\u201d. Un espacio destacado en las p\u00e1ginas de la nueva edici\u00f3n anual, frente al notable trabajo que desarroll\u00f3 la instituci\u00f3n juje\u00f1a a lo largo del a\u00f1o.<\/p>\n\n\n\n<p>La titular de la Direcci\u00f3n de Provincial de Mediaci\u00f3n y R.A.C de la Secretar\u00eda de Justicia, Gilda Romero, agradeci\u00f3 el reconocimiento de la Red Federal, organismo que depende de la Direcci\u00f3n Nacional de Mediaci\u00f3n y M\u00e9todos Participativos de Resoluci\u00f3n de Conflictos de la Subsecretar\u00eda de Acceso a la Justicia del Ministerio de Justicia y Derechos Humanos de la Naci\u00f3n.<\/p>\n\n\n\n<p>En este contexto, la revista anual en la secci\u00f3n \u201cExperiencias Compartidas\u201d destac\u00f3 un relevamiento que realiza la Direcci\u00f3n de Mediaci\u00f3n en Jujuy, sobre todo en asesoramiento, asistencia, capacitaci\u00f3n y contenci\u00f3n continua a las oficinas de Mediaci\u00f3n, sobre todo en Libertador General San Mart\u00edn.<\/p>\n\n\n\n<p>Adem\u00e1s comparti\u00f3, la participaci\u00f3n que realiza la Direcci\u00f3n de Mediaci\u00f3n y su equipo interdisciplinario, en actividades p\u00fablicas, privadas, y sociales con el objetivo de promocionar el servicio que brinda la Mediaci\u00f3n Comunitaria impartiendo el dialogo, la tolerancia y respeto como m\u00e9todos de resoluci\u00f3n de conflictos.<\/p>\n\n\n\n<p>La Red Federal, felicit\u00f3 por el curso \u201cOperadores Comunitarios\u201d que se dict\u00f3 a instituciones p\u00fablicas, privadas, educativas, ONG o asociaciones barriales; \u201cOtro tema que result\u00f3 relevante por la Red Federal fue la implementaci\u00f3n de la MAD (Mediaci\u00f3n a Distancia) que se emple\u00f3 durante la pandemia\u201d, coment\u00f3 la funcionaria Provincial.<\/p>\n\n\n\n<p>Luego Romero expres\u00f3 \u201cjuntos a otras provincias del pa\u00eds integramos la RED FEDERAL de Centros de Mediaci\u00f3n, la cual nos requiere trabajar unidos para el desarrollo de los m\u00e9todos de resoluci\u00f3n de conflictos y as\u00ed garantizar las pol\u00edticas de acceso a la justicia en todo el pa\u00eds\u201d. <\/p>\n\n\n\n<p>\u201cDesde la Direcci\u00f3n de Mediaci\u00f3n que depende del Ministerio de Gobierno y Justicia, procuramos implantar los valores de la buena convivencia, di\u00e1logo, tolerancia, respeto, empat\u00eda y solidaridad, ya que, la Mediaci\u00f3n Comunitaria es una herramienta que garantiza el acceso a la justicia, que permite evitar la judicializaci\u00f3n, y morigerar el nivel de conflictividad social, procurando aportar a la paz social, acciones que se encuadran con las pol\u00edticas p\u00fablicas del gobierno de Jujuy\u201d, finaliz\u00f3.<\/p>\n","protected":false},"excerpt":{"rendered":"<p>Se trata de un reconocimiento de la Red Federal de Centros de Mediaci\u00f3n Comunitaria, publicado en el \"Bolet\u00edn de red 2021\". La Direcci\u00f3n de Mediaci\u00f3n y Resoluci\u00f3n Alterativa de Conflictos de la Provincia, fue reconocida por su labor, acciones de impartir y promover la Mediaci\u00f3n Comunitaria. Se trata de un reconocimiento de la Red Federal [&hellip;]<\/p>\n","protected":false},"author":49,"featured_media":319063,"comment_status":"open","ping_status":"open","sticky":false,"template":"","format":"standard","meta":{"_stopmodifiedupdate":false,"_modified_date":"","inline_featured_image":false,"spay_email":"","jetpack_publicize_message":""},"categories":[514],"tags":[],"jetpack_featured_media_url":"https:\/\/notinor.com\/jujuy\/wp-content\/uploads\/2021\/11\/mediacion-comunitaria.jpg","jetpack_publicize_connections":[],"_links":{"self":[{"href":"https:\/\/notinor.com\/jujuy\/wp-json\/wp\/v2\/posts\/319062"}],"collection":[{"href":"https:\/\/notinor.com\/jujuy\/wp-json\/wp\/v2\/posts"}],"about":[{"href":"https:\/\/notinor.com\/jujuy\/wp-json\/wp\/v2\/types\/post"}],"author":[{"embeddable":true,"href":"https:\/\/notinor.com\/jujuy\/wp-json\/wp\/v2\/users\/49"}],"replies":[{"embeddable":true,"href":"https:\/\/notinor.com\/jujuy\/wp-json\/wp\/v2\/comments?post=319062"}],"version-history":[{"count":1,"href":"https:\/\/notinor.com\/jujuy\/wp-json\/wp\/v2\/posts\/319062\/revisions"}],"predecessor-version":[{"id":319064,"href":"https:\/\/notinor.com\/jujuy\/wp-json\/wp\/v2\/posts\/319062\/revisions\/319064"}],"wp:featuredmedia":[{"embeddable":true,"href":"https:\/\/notinor.com\/jujuy\/wp-json\/wp\/v2\/media\/319063"}],"wp:attachment":[{"href":"https:\/\/notinor.com\/jujuy\/wp-json\/wp\/v2\/media?parent=319062"}],"wp:term":[{"taxonomy":"category","embeddable":true,"href":"https:\/\/notinor.com\/jujuy\/wp-json\/wp\/v2\/categories?post=319062"},{"taxonomy":"post_tag","embeddable":true,"href":"https:\/\/notinor.com\/jujuy\/wp-json\/wp\/v2\/tags?post=319062"}],"curies":[{"name":"wp","href":"https:\/\/api.w.org\/{rel}","templated":true}]}}