{"id":319056,"date":"2021-11-18T16:08:36","date_gmt":"2021-11-18T19:08:36","guid":{"rendered":"https:\/\/notinor.com\/jujuy\/?p=319056"},"modified":"2021-11-18T16:08:40","modified_gmt":"2021-11-18T19:08:40","slug":"la-ministra-bovi-y-el-intendente-de-la-quiaca-abordaron-temas-educativos","status":"publish","type":"post","link":"https:\/\/notinor.com\/jujuy\/la-ministra-bovi-y-el-intendente-de-la-quiaca-abordaron-temas-educativos\/","title":{"rendered":"La Ministra Bovi y el intendente de La Quiaca abordaron temas educativos"},"content":{"rendered":"\n<p class=\"has-medium-font-size\"><strong><em>La ministra de Educaci\u00f3n, Mar\u00eda Teresa Bovi, recibi\u00f3 al intendente de La Quiaca, Blas Gallardo. Durante el encuentro abordaron diversos temas referentes a la localidad.<\/em><\/strong><\/p>\n\n\n\n<div class=\"wp-block-image\"><figure class=\"aligncenter size-large\"><img decoding=\"async\" loading=\"lazy\" width=\"800\" height=\"450\" src=\"https:\/\/notinor.com\/jujuy\/wp-content\/uploads\/2021\/11\/bovi-recibio-al-intendente-la-quiaca.jpeg\" alt=\"\" class=\"wp-image-319057\" srcset=\"https:\/\/notinor.com\/jujuy\/wp-content\/uploads\/2021\/11\/bovi-recibio-al-intendente-la-quiaca.jpeg 800w, https:\/\/notinor.com\/jujuy\/wp-content\/uploads\/2021\/11\/bovi-recibio-al-intendente-la-quiaca-649x365.jpeg 649w, https:\/\/notinor.com\/jujuy\/wp-content\/uploads\/2021\/11\/bovi-recibio-al-intendente-la-quiaca-500x280.jpeg 500w, https:\/\/notinor.com\/jujuy\/wp-content\/uploads\/2021\/11\/bovi-recibio-al-intendente-la-quiaca-768x432.jpeg 768w, https:\/\/notinor.com\/jujuy\/wp-content\/uploads\/2021\/11\/bovi-recibio-al-intendente-la-quiaca-750x422.jpeg 750w\" sizes=\"(max-width: 800px) 100vw, 800px\" \/><\/figure><\/div>\n\n\n\n<p>Al respecto el intendente agradeci\u00f3 a la ministra por haberlo recibido, y agreg\u00f3, \u201cestuvimos hablando de un proyecto que tenemos en ejecuci\u00f3n de un Jard\u00edn, que es intercultural-biling\u00fce y el cual tiene un gran posicionamiento en la sociedad de La Quiaca\u201d, y plante\u00f3, \u201ces necesario que se agilice la cuesti\u00f3n administrativa\u201d.<\/p>\n\n\n\n<p>Posteriormente acordaron \u201cfirmar convenios para trabajar en forma conjunta con las escuelas de nuestra jurisdicci\u00f3n en el municipio, principalmente con la mano de obra, que es lo que m\u00e1s hace falta\u201d.<\/p>\n","protected":false},"excerpt":{"rendered":"<p>La ministra de Educaci\u00f3n, Mar\u00eda Teresa Bovi, recibi\u00f3 al intendente de La Quiaca, Blas Gallardo. Durante el encuentro abordaron diversos temas referentes a la localidad. Al respecto el intendente agradeci\u00f3 a la ministra por haberlo recibido, y agreg\u00f3, \u201cestuvimos hablando de un proyecto que tenemos en ejecuci\u00f3n de un Jard\u00edn, que es intercultural-biling\u00fce y el [&hellip;]<\/p>\n","protected":false},"author":49,"featured_media":319057,"comment_status":"open","ping_status":"open","sticky":false,"template":"","format":"standard","meta":{"_stopmodifiedupdate":false,"_modified_date":"","inline_featured_image":false,"spay_email":"","jetpack_publicize_message":""},"categories":[2,4],"tags":[],"jetpack_featured_media_url":"https:\/\/notinor.com\/jujuy\/wp-content\/uploads\/2021\/11\/bovi-recibio-al-intendente-la-quiaca.jpeg","jetpack_publicize_connections":[],"_links":{"self":[{"href":"https:\/\/notinor.com\/jujuy\/wp-json\/wp\/v2\/posts\/319056"}],"collection":[{"href":"https:\/\/notinor.com\/jujuy\/wp-json\/wp\/v2\/posts"}],"about":[{"href":"https:\/\/notinor.com\/jujuy\/wp-json\/wp\/v2\/types\/post"}],"author":[{"embeddable":true,"href":"https:\/\/notinor.com\/jujuy\/wp-json\/wp\/v2\/users\/49"}],"replies":[{"embeddable":true,"href":"https:\/\/notinor.com\/jujuy\/wp-json\/wp\/v2\/comments?post=319056"}],"version-history":[{"count":1,"href":"https:\/\/notinor.com\/jujuy\/wp-json\/wp\/v2\/posts\/319056\/revisions"}],"predecessor-version":[{"id":319058,"href":"https:\/\/notinor.com\/jujuy\/wp-json\/wp\/v2\/posts\/319056\/revisions\/319058"}],"wp:featuredmedia":[{"embeddable":true,"href":"https:\/\/notinor.com\/jujuy\/wp-json\/wp\/v2\/media\/319057"}],"wp:attachment":[{"href":"https:\/\/notinor.com\/jujuy\/wp-json\/wp\/v2\/media?parent=319056"}],"wp:term":[{"taxonomy":"category","embeddable":true,"href":"https:\/\/notinor.com\/jujuy\/wp-json\/wp\/v2\/categories?post=319056"},{"taxonomy":"post_tag","embeddable":true,"href":"https:\/\/notinor.com\/jujuy\/wp-json\/wp\/v2\/tags?post=319056"}],"curies":[{"name":"wp","href":"https:\/\/api.w.org\/{rel}","templated":true}]}}