{"id":319041,"date":"2021-11-18T12:07:38","date_gmt":"2021-11-18T15:07:38","guid":{"rendered":"https:\/\/notinor.com\/jujuy\/?p=319041"},"modified":"2021-11-18T12:07:43","modified_gmt":"2021-11-18T15:07:43","slug":"coronavirus-advierten-sobre-un-rebrote-si-se-pierde-la-proteccion-inmune-y-los-cuidados","status":"publish","type":"post","link":"https:\/\/notinor.com\/jujuy\/coronavirus-advierten-sobre-un-rebrote-si-se-pierde-la-proteccion-inmune-y-los-cuidados\/","title":{"rendered":"Coronavirus: advierten sobre un rebrote \"si se pierde la protecci\u00f3n inmune y los cuidados\""},"content":{"rendered":"\n<p>Fern\u00e1n Quir\u00f3s, el ministro de Salud porte\u00f1o remarc\u00f3 que la pandemia \u201cno ha terminado en Argentina\u201d. Y compar\u00f3 la situaci\u00f3n local con el escenario en Europa.<\/p>\n\n\n\n<div class=\"wp-block-image\"><figure class=\"aligncenter size-large is-resized\"><img decoding=\"async\" loading=\"lazy\" src=\"https:\/\/notinor.com\/jujuy\/wp-content\/uploads\/2021\/11\/CORONAVIRUS-1-687x480.jpg\" alt=\"\" class=\"wp-image-319042\" width=\"492\" height=\"344\" srcset=\"https:\/\/notinor.com\/jujuy\/wp-content\/uploads\/2021\/11\/CORONAVIRUS-1-687x480.jpg 687w, https:\/\/notinor.com\/jujuy\/wp-content\/uploads\/2021\/11\/CORONAVIRUS-1-523x365.jpg 523w, https:\/\/notinor.com\/jujuy\/wp-content\/uploads\/2021\/11\/CORONAVIRUS-1.jpg 690w\" sizes=\"(max-width: 492px) 100vw, 492px\" \/><\/figure><\/div>\n\n\n\n<p>El ministro de Salud porte\u00f1o, Fern\u00e1n Quir\u00f3s, record\u00f3 que \"la pandemia no ha terminado en el mundo, ni en Argentina, ni en la Ciudad\" de Buenos Aires, y advirti\u00f3 que el coronavirus ha demostrado en otros pa\u00edses que en la medida que se pierdan \"las dos grandes barreras que es la protecci\u00f3n inmune y el uso de barbijos y ventilaci\u00f3n\" puede haber rebrotes.<\/p>\n\n\n\n<p>\"Sabemos las l\u00edneas generales del comportamiento de la pandemia porque Europa nos anticipa, pero cada una de las olas que van viniendo encuentran situaciones epidemiol\u00f3gicas diferentes en cada lugar\", sostuvo Quir\u00f3s en su habitual conferencia de prensa de los jueves.<\/p>\n\n\n\n<p>Y continu\u00f3: \"Entonces las proyecciones iniciales que se hac\u00edan en base a lo que pasaba en Europa y que luego iba a suceder ac\u00e1 empiezan a separarse cuando comienzan dos situaciones: la tasa natural de contagio y la tasa de vacunaci\u00f3n al momento de ingreso de las variantes\".<\/p>\n\n\n\n<p>Quir\u00f3s record\u00f3 que \"cuando ingres\u00f3 la variante Delta en Sudam\u00e9rica la poblaci\u00f3n estaba relativamente m\u00e1s vacunada que cuando ingres\u00f3 en Europa; de modo que dado que los escenarios de inmunidad natural y adquirida son diferentes es dif\u00edcil hacer proyecciones\".<\/p>\n\n\n\n<p>Sin embargo, alert\u00f3 que lo que s\u00ed puede observarse es que frente a \"la variante Delta, dado que tiene una alta tasa de contagiosidad en escenarios donde se pierden las dos grandes barreras que son el grado de protecci\u00f3n inmune logrado por las vacunas por un lado y el uso de barbijo y la ventilaci\u00f3n por el otro, los pa\u00edses demostraron que pueden rebrotar los casos\".<\/p>\n\n\n\n<p>Quir\u00f3s se\u00f1al\u00f3 que esto sucedi\u00f3 cuando se perdi\u00f3 uno de los dos instrumentos (inmunidad o cuidados) o cuando debilitaron ambos, e indic\u00f3 que \"igual los casos son m\u00e1s leves, no es la pandemia como la que hemos vivido\".<\/p>\n","protected":false},"excerpt":{"rendered":"<p>Fern\u00e1n Quir\u00f3s, el ministro de Salud porte\u00f1o remarc\u00f3 que la pandemia \u201cno ha terminado en Argentina\u201d. Y compar\u00f3 la situaci\u00f3n local con el escenario en Europa. El ministro de Salud porte\u00f1o, Fern\u00e1n Quir\u00f3s, record\u00f3 que \"la pandemia no ha terminado en el mundo, ni en Argentina, ni en la Ciudad\" de Buenos Aires, y advirti\u00f3 [&hellip;]<\/p>\n","protected":false},"author":5,"featured_media":319042,"comment_status":"open","ping_status":"open","sticky":false,"template":"","format":"standard","meta":{"_stopmodifiedupdate":false,"_modified_date":"","inline_featured_image":false,"spay_email":"","jetpack_publicize_message":""},"categories":[5],"tags":[],"jetpack_featured_media_url":"https:\/\/notinor.com\/jujuy\/wp-content\/uploads\/2021\/11\/CORONAVIRUS-1.jpg","jetpack_publicize_connections":[],"_links":{"self":[{"href":"https:\/\/notinor.com\/jujuy\/wp-json\/wp\/v2\/posts\/319041"}],"collection":[{"href":"https:\/\/notinor.com\/jujuy\/wp-json\/wp\/v2\/posts"}],"about":[{"href":"https:\/\/notinor.com\/jujuy\/wp-json\/wp\/v2\/types\/post"}],"author":[{"embeddable":true,"href":"https:\/\/notinor.com\/jujuy\/wp-json\/wp\/v2\/users\/5"}],"replies":[{"embeddable":true,"href":"https:\/\/notinor.com\/jujuy\/wp-json\/wp\/v2\/comments?post=319041"}],"version-history":[{"count":1,"href":"https:\/\/notinor.com\/jujuy\/wp-json\/wp\/v2\/posts\/319041\/revisions"}],"predecessor-version":[{"id":319043,"href":"https:\/\/notinor.com\/jujuy\/wp-json\/wp\/v2\/posts\/319041\/revisions\/319043"}],"wp:featuredmedia":[{"embeddable":true,"href":"https:\/\/notinor.com\/jujuy\/wp-json\/wp\/v2\/media\/319042"}],"wp:attachment":[{"href":"https:\/\/notinor.com\/jujuy\/wp-json\/wp\/v2\/media?parent=319041"}],"wp:term":[{"taxonomy":"category","embeddable":true,"href":"https:\/\/notinor.com\/jujuy\/wp-json\/wp\/v2\/categories?post=319041"},{"taxonomy":"post_tag","embeddable":true,"href":"https:\/\/notinor.com\/jujuy\/wp-json\/wp\/v2\/tags?post=319041"}],"curies":[{"name":"wp","href":"https:\/\/api.w.org\/{rel}","templated":true}]}}