{"id":319035,"date":"2021-11-18T11:56:46","date_gmt":"2021-11-18T14:56:46","guid":{"rendered":"https:\/\/notinor.com\/jujuy\/?p=319035"},"modified":"2021-11-18T11:56:51","modified_gmt":"2021-11-18T14:56:51","slug":"paises-bajos-estudia-alargar-vacaciones-por-la-propagacion-del-covid-entre-los-ninos","status":"publish","type":"post","link":"https:\/\/notinor.com\/jujuy\/paises-bajos-estudia-alargar-vacaciones-por-la-propagacion-del-covid-entre-los-ninos\/","title":{"rendered":"Pa\u00edses Bajos estudia alargar vacaciones por la propagaci\u00f3n del covid entre los ni\u00f1os"},"content":{"rendered":"\n<p>Los vir\u00f3logos neerlandeses proponen alargar las vacaciones navide\u00f1as para ralentizar el aumento de los casos del covid-19 entre los ni\u00f1os, seg\u00fan el peri\u00f3dico Algemeen Dagblad.<\/p>\n\n\n\n<div class=\"wp-block-image\"><figure class=\"aligncenter size-large is-resized\"><img decoding=\"async\" loading=\"lazy\" src=\"https:\/\/notinor.com\/jujuy\/wp-content\/uploads\/2021\/11\/VIRUS.jpg\" alt=\"\" class=\"wp-image-319039\" width=\"558\" height=\"315\" srcset=\"https:\/\/notinor.com\/jujuy\/wp-content\/uploads\/2021\/11\/VIRUS.jpg 718w, https:\/\/notinor.com\/jujuy\/wp-content\/uploads\/2021\/11\/VIRUS-647x365.jpg 647w\" sizes=\"(max-width: 558px) 100vw, 558px\" \/><\/figure><\/div>\n\n\n\n<p>El Instituto Nacional de Salud, RIVM, registr\u00f3 la semana pasada cerca de 9\u200b\u200b\u200b.500 casos de coronavirus contra\u00eddos por ni\u00f1os de 5 a 9 a\u00f1os de edad, o un aumento del 85 por ciento. Otros 11.000 casos fueron detectados en ni\u00f1os de 10 a 14 a\u00f1os, creciendo el 76 por ciento.<\/p>\n\n\n\n<p>Seg\u00fan el rotativo, al menos 120 escuelas primarias fueron cerradas por una semana en el pa\u00eds debido a la propagaci\u00f3n de la infecci\u00f3n.<\/p>\n\n\n\n<p>La vir\u00f3loga y miembro del grupo consultivo de lucha contra la epidemia (OMT), creado adjuntamente al Gobierno de Pa\u00edses Bajos, Marion Koopmans, confirm\u00f3 que el virus se ha propagado mucho entre los menores.<\/p>\n\n\n\n<p>\"El cierre prolongado de las escuelas es un m\u00e9todo eficaz para controlar el virus\", sostiene el inmun\u00f3logo Gher Raikers, as\u00ed como se\u00f1ala que los ni\u00f1os, adem\u00e1s de contagiarse uno del otro, tambi\u00e9n contagian a los adultos.<\/p>\n\n\n\n<p>El presidente de la Asociaci\u00f3n Holandesa de Pediatr\u00eda (NVK) y miembro del grupo OMT, Karolyi Illy, espera que el grupo plantear\u00e1 esta medida durante las pr\u00f3ximas semanas.<\/p>\n","protected":false},"excerpt":{"rendered":"<p>Los vir\u00f3logos neerlandeses proponen alargar las vacaciones navide\u00f1as para ralentizar el aumento de los casos del covid-19 entre los ni\u00f1os, seg\u00fan el peri\u00f3dico Algemeen Dagblad. El Instituto Nacional de Salud, RIVM, registr\u00f3 la semana pasada cerca de 9\u200b\u200b\u200b.500 casos de coronavirus contra\u00eddos por ni\u00f1os de 5 a 9 a\u00f1os de edad, o un aumento del [&hellip;]<\/p>\n","protected":false},"author":5,"featured_media":319039,"comment_status":"open","ping_status":"open","sticky":false,"template":"","format":"standard","meta":{"_stopmodifiedupdate":false,"_modified_date":"","inline_featured_image":false,"spay_email":"","jetpack_publicize_message":""},"categories":[6],"tags":[],"jetpack_featured_media_url":"https:\/\/notinor.com\/jujuy\/wp-content\/uploads\/2021\/11\/VIRUS.jpg","jetpack_publicize_connections":[],"_links":{"self":[{"href":"https:\/\/notinor.com\/jujuy\/wp-json\/wp\/v2\/posts\/319035"}],"collection":[{"href":"https:\/\/notinor.com\/jujuy\/wp-json\/wp\/v2\/posts"}],"about":[{"href":"https:\/\/notinor.com\/jujuy\/wp-json\/wp\/v2\/types\/post"}],"author":[{"embeddable":true,"href":"https:\/\/notinor.com\/jujuy\/wp-json\/wp\/v2\/users\/5"}],"replies":[{"embeddable":true,"href":"https:\/\/notinor.com\/jujuy\/wp-json\/wp\/v2\/comments?post=319035"}],"version-history":[{"count":1,"href":"https:\/\/notinor.com\/jujuy\/wp-json\/wp\/v2\/posts\/319035\/revisions"}],"predecessor-version":[{"id":319040,"href":"https:\/\/notinor.com\/jujuy\/wp-json\/wp\/v2\/posts\/319035\/revisions\/319040"}],"wp:featuredmedia":[{"embeddable":true,"href":"https:\/\/notinor.com\/jujuy\/wp-json\/wp\/v2\/media\/319039"}],"wp:attachment":[{"href":"https:\/\/notinor.com\/jujuy\/wp-json\/wp\/v2\/media?parent=319035"}],"wp:term":[{"taxonomy":"category","embeddable":true,"href":"https:\/\/notinor.com\/jujuy\/wp-json\/wp\/v2\/categories?post=319035"},{"taxonomy":"post_tag","embeddable":true,"href":"https:\/\/notinor.com\/jujuy\/wp-json\/wp\/v2\/tags?post=319035"}],"curies":[{"name":"wp","href":"https:\/\/api.w.org\/{rel}","templated":true}]}}