{"id":319027,"date":"2021-11-18T11:26:12","date_gmt":"2021-11-18T14:26:12","guid":{"rendered":"https:\/\/notinor.com\/jujuy\/?p=319027"},"modified":"2021-11-18T11:40:25","modified_gmt":"2021-11-18T14:40:25","slug":"se-recupero-el-equilibrio","status":"publish","type":"post","link":"https:\/\/notinor.com\/jujuy\/se-recupero-el-equilibrio\/","title":{"rendered":"Se recuper\u00f3 el equilibrio"},"content":{"rendered":"\n<p>Editorial || A poco m\u00e1s de 72 horas de las Legislativas 2021 <strong>comenzaron los escrutinios definitivos y, tanto en el kirchnerismo como en la oposici\u00f3n cruzan los dedos para que se rompa ese equilibrio<\/strong>&nbsp;que surgi\u00f3 de los resultados preliminares que, por ahora, favorecen por una o dos bancas al oficialismo permiti\u00e9ndoles sostener la calidad de primera minor\u00eda en Diputados. &nbsp;<\/p>\n\n\n\n<figure class=\"wp-block-image size-large\"><img decoding=\"async\" loading=\"lazy\" width=\"504\" height=\"480\" src=\"https:\/\/notinor.com\/jujuy\/wp-content\/uploads\/2021\/11\/foto-1.jpeg\" alt=\"\" class=\"wp-image-319028\" srcset=\"https:\/\/notinor.com\/jujuy\/wp-content\/uploads\/2021\/11\/foto-1.jpeg 504w, https:\/\/notinor.com\/jujuy\/wp-content\/uploads\/2021\/11\/foto-1-383x365.jpeg 383w\" sizes=\"(max-width: 504px) 100vw, 504px\" \/><\/figure>\n\n\n\n<p><strong>Para el gobierno nacional fue un dur\u00edsimo rev\u00e9s ya que, por un lado perdi\u00f3 dos bancas en Diputados, mientras que por el otro perdi\u00f3 el control del Senado al quedarse sin el quorum propio que mantuvo desde 1983.<\/strong>&nbsp; De tener un bloque de 41 o 42 senadores, ahora solo contar\u00eda con 35 voluntades que habr\u00eda que ver cu\u00e1n est\u00e1n aseguradas est\u00e1n. &nbsp;Juntos por el Cambio pasa a tener 31 senadores, mientras que habr\u00e1 6 senadores l\u00edberos que ser\u00e1n la clave tanto para el quorum como para la aprobaci\u00f3n de proyectos que no requieran mayor\u00eda especial. &nbsp;En Diputados hay 23 bancas que resultar\u00e1n clave tanto para el quorum (129) como para la mayor\u00eda. &nbsp;<\/p>\n\n\n\n<figure class=\"wp-block-image size-large\"><img decoding=\"async\" loading=\"lazy\" width=\"498\" height=\"480\" src=\"https:\/\/notinor.com\/jujuy\/wp-content\/uploads\/2021\/11\/foto-2-498x480.jpeg\" alt=\"\" class=\"wp-image-319029\" srcset=\"https:\/\/notinor.com\/jujuy\/wp-content\/uploads\/2021\/11\/foto-2-498x480.jpeg 498w, https:\/\/notinor.com\/jujuy\/wp-content\/uploads\/2021\/11\/foto-2-379x365.jpeg 379w, https:\/\/notinor.com\/jujuy\/wp-content\/uploads\/2021\/11\/foto-2.jpeg 502w\" sizes=\"(max-width: 498px) 100vw, 498px\" \/><\/figure>\n\n\n\n<p>En un repaso general, <strong>el kirchnerismo perdi\u00f3 por 8,4 puntos a nivel nacional al perder en 15 provincias, en muchas de ellas de manera categ\u00f3rica y significativa<\/strong>. &nbsp;En Buenos Aires perdi\u00f3 por punto y medio; en CABA perdi\u00f3 por 18 puntos; en C\u00f3rdoba, La Pampa y Chubut, perdi\u00f3 por amplios m\u00e1rgenes; en Corrientes volvi\u00f3 a perder por paliza 59 a 37; en Santa Fe perdi\u00f3 por 9 puntos; perdieron los Rodr\u00edguez Saa en San Luis; y en Tucum\u00e1n, Manzur logr\u00f3 salvar la ropa ag\u00f3nicamente a \u00faltimo momento. &nbsp;<\/p>\n\n\n\n<p>No se puede dejar de mencionar el <strong>surgimiento del Liberalismo que hizo muy buenas elecciones en CABA y provincia de Buenos Aires<\/strong>, con las que obtuvo un bloque propio de 4 o 5 diputados en la C\u00e1mara Baja, adem\u00e1s de consolidarse como la tercera fuerza de estos dos distritos relegando a la Izquierda a un comod\u00edsimo cuarto lugar. &nbsp;El fen\u00f3meno podr\u00eda llegar a nacionalizarse, tal como ocurri\u00f3 en su momento con el PRO. &nbsp;<\/p>\n\n\n\n<p><strong>El panorama de equilibrio que surge de estos resultados ser\u00e1 complicado para el oficialismo que se ver\u00e1 obligado a hacer algo a lo que no es muy afecto: negociar para lograr consensos.<\/strong>&nbsp; A esto hay que sumar lo que muchos analistas anticipaban: puede haber fracturas tanto en el bloque oficialista como tambi\u00e9n podr\u00eda ocurrir en la oposici\u00f3n donde todo indica que se empez\u00f3 a caldear la interna.<\/p>\n\n\n\n<p class=\"has-medium-font-size\"><strong>\u00bfTODOS UNIDOS TRIUNFAREMOS?<\/strong><\/p>\n\n\n\n<p><strong>M\u00e1s all\u00e1 de la delirante interpretaci\u00f3n \u201cganamos perdiendo\u201d que se animaron a expresar los m\u00e1s rid\u00edculos, lejos de reconocer la derrota, las voces autorizadas del gobierno nacional se esfuerzan por instalar la idea de un empate<\/strong>; son contad\u00edsimos los que tuvieron la sensatez de hacer una correcta lectura del mensaje de las urnas. &nbsp;Nadie del gobierno sali\u00f3 ni siquiera a saludar a los ganadores -ni hablar de felicitar-, actitud antideportiva \u2013por no decir antidemocr\u00e1tica- que no solo denota el desprecio por los adversarios sino la falta de respeto a la voluntad de una gran mayor\u00eda de argentinos <strong>-7 de cada 10- que le dijo \u201cno\u201d al kirchnerismo.<\/strong><\/p>\n\n\n\n<div class=\"wp-block-image\"><figure class=\"aligncenter size-large\"><img decoding=\"async\" loading=\"lazy\" width=\"731\" height=\"480\" src=\"https:\/\/notinor.com\/jujuy\/wp-content\/uploads\/2021\/11\/foto-3-731x480.jpeg\" alt=\"\" class=\"wp-image-319030\" srcset=\"https:\/\/notinor.com\/jujuy\/wp-content\/uploads\/2021\/11\/foto-3-731x480.jpeg 731w, https:\/\/notinor.com\/jujuy\/wp-content\/uploads\/2021\/11\/foto-3-556x365.jpeg 556w, https:\/\/notinor.com\/jujuy\/wp-content\/uploads\/2021\/11\/foto-3-768x504.jpeg 768w, https:\/\/notinor.com\/jujuy\/wp-content\/uploads\/2021\/11\/foto-3-750x492.jpeg 750w, https:\/\/notinor.com\/jujuy\/wp-content\/uploads\/2021\/11\/foto-3.jpeg 809w\" sizes=\"(max-width: 731px) 100vw, 731px\" \/><\/figure><\/div>\n\n\n\n<p>Ya el domingo comenz\u00f3 a notarse, una vez m\u00e1s, la grieta entre el albertismo y el cristinismo. &nbsp;<strong>Cristina Kirchner no quiso aparecer en la foto de la derrota<\/strong>&nbsp;y excus\u00f3 su ausencia en una recomendaci\u00f3n m\u00e9dica. &nbsp;<strong>Alberto Fern\u00e1ndez<\/strong>&nbsp;apareci\u00f3 en el bunker despu\u00e9s de la difusi\u00f3n de un mensaje grabado, hecho que deja en claro que ese mismo d\u00eda ya anticiparon la debacle. &nbsp;<strong>Salud\u00f3 a todos los menos a Cristina<\/strong>&nbsp;a quien solo hab\u00eda apenas nombrado en ese mensaje como \"la vicepresidenta\".<\/p>\n\n\n\n<p>Sin reconocer la derrota y sin una expresa autocr\u00edtica, en su mensaje Alberto Fern\u00e1ndez <strong>ratific\u00f3 la continuidad de Mart\u00edn Guzm\u00e1n y anticip\u00f3 un proyecto de ley para un plan econ\u00f3mico.<\/strong>&nbsp; Es significativa la menci\u00f3n que hizo del ministro de Econom\u00eda ya que su permanencia molesta mucho al kirchnerismo m\u00e1s talibanizado. &nbsp;Guzm\u00e1n permanecer\u00e1 un su puesto, porque es el \u00fanico interlocutor autorizado ante el FMI. &nbsp;El presidente hab\u00eda descartado m\u00e1s cambios en el gabinete, quiz\u00e1s por llevar la contra a los analistas que anticipaban una nueva oxigenaci\u00f3n tal como ocurri\u00f3 tras las PASO, o porque la jefa a\u00fan no se ha pronunciado al respecto. &nbsp;La renovaci\u00f3n podr\u00eda ocurrir reci\u00e9n a partir del 10 de diciembre.<\/p>\n\n\n\n<p>Lo m\u00e1s significativo del mensaje fue ese <strong>extra\u00f1o llamado al di\u00e1logo al que convoc\u00f3 sin dar ninguna muestra de apertura a cambios o rec\u00e1lculos en el rumbo econ\u00f3mico, ech\u00e1ndole la culpa de todo a la herencia y chicaneando al ex presidente.<\/strong>&nbsp; B\u00e1sicamente pate\u00f3 el problema de la econom\u00eda hasta diciembre. &nbsp;Adelant\u00f3 que no se discutir\u00e1n ni ajuste ni d\u00e9ficit, ni hizo menci\u00f3n de los principales problemas que sufren por estos d\u00edas los argentinos: inflaci\u00f3n, devaluaci\u00f3n e inseguridad<strong>. &nbsp;Pr\u00e1cticamente, un di\u00e1logo de sordos.<\/strong><\/p>\n\n\n\n<p>Inmediatamente al llamado, surgi\u00f3 la inc\u00f3gnita sobre la acogida que tendr\u00eda esta convocatoria tanto en el oficialismo como en la oposici\u00f3n. &nbsp;<strong>Juntos ya expres\u00f3 los serios reparos y la poca gracia que les causa la convocatoria.<\/strong>&nbsp; De hecho dijeron que tal convocatoria a\u00fan no existi\u00f3 porque tienen que consensuarla, primero, internamente en el Gobierno y, adem\u00e1s, exponer los detalles. &nbsp;As\u00ed lo han dejado claro, tanto Alfredo Cornejo como Mauricio Macri, por ahora. &nbsp;<\/p>\n\n\n\n<div class=\"wp-block-image\"><figure class=\"aligncenter size-large\"><img decoding=\"async\" loading=\"lazy\" width=\"677\" height=\"418\" src=\"https:\/\/notinor.com\/jujuy\/wp-content\/uploads\/2021\/11\/foto-4.jpeg\" alt=\"\" class=\"wp-image-319031\" srcset=\"https:\/\/notinor.com\/jujuy\/wp-content\/uploads\/2021\/11\/foto-4.jpeg 677w, https:\/\/notinor.com\/jujuy\/wp-content\/uploads\/2021\/11\/foto-4-591x365.jpeg 591w\" sizes=\"(max-width: 677px) 100vw, 677px\" \/><\/figure><\/div>\n\n\n\n<p>En cuanto a la coalici\u00f3n peronista <strong>habr\u00e1 que ver si todo el oficialismo est\u00e1 dispuesto a respaldar lo que significa un acuerdo con el FMI con un plan econ\u00f3mico donde se respeten las leyes de gravedad de la econom\u00eda,<\/strong>&nbsp;y que represente alguna se\u00f1al respecto al tema m\u00e1s grave, que es la inflaci\u00f3n. &nbsp;El cristinismo termin\u00f3 adhiriendo al acto del D\u00eda de la Militancia, convocado por el presidente, sus nuevos aliados de la CGT y su entorno, &nbsp;en el que se celebr\u00f3 una autopercibida victoria en las Legislativas o, cuando menos, una \u201cderrota p\u00edrrica\u201d; no ha quedado muy claro. &nbsp;Lo que s\u00ed est\u00e1 m\u00e1s que claro es que fue convocado en defensa propia por el albertismo para proteger al presidente de la previsible embestida de La C\u00e1mpora. &nbsp;Una innecesaria bacanal de despilfarro que ocurre a solo un mes de aquellos tres actos por el D\u00eda de la Lealtad celebrados en octubre, para volver a pisotear el memorial de los 120 mil muertos por el COVID19. Claramente ingresamos al terreno del delirio.<\/p>\n\n\n\n<p class=\"has-medium-font-size\"><strong>LOS QUE GANARON GANANDO<\/strong><\/p>\n\n\n\n<p><strong>En general, el principal frente opositor qued\u00f3 muy fortalecido por los resultados que les volvieron a sonre\u00edr y se permiten so\u00f1ar con alguna diferencia extra que puedan arrojar los escrutinios definitivos, diferencia con la que podr\u00edan llegar a discutir la presidencia de la C\u00e1mara Baja. &nbsp;<\/strong>Tras la foto de la victoria en la que aparecieron todos los dirigentes nacionales de los principales socios, por ahora Juntos le dijo \u201cno\u201d a la convocatoria al di\u00e1logo que hizo el presidente Fern\u00e1ndez; pero le pidieron al oficialismo reconocer la \"tremenda derrota\" y dejar de \"negar la realidad\", porque \"es momento de que reaccionen y produzcan los cambios que exige la situaci\u00f3n\". &nbsp;Sin embargo, am\u00e9n de la foto de unidad, la tregua de convivencia de Juntos que se alcanz\u00f3 con las PASO se hab\u00eda roto pocas horas antes de las Legislativas, y los resultados tendr\u00e1n efectos en la sociedad PRO-UCR-CC-Peronismo Republicano. &nbsp;<\/p>\n\n\n\n<div class=\"wp-block-image\"><figure class=\"aligncenter size-large\"><img decoding=\"async\" loading=\"lazy\" width=\"632\" height=\"353\" src=\"https:\/\/notinor.com\/jujuy\/wp-content\/uploads\/2021\/11\/foto-5.jpeg\" alt=\"\" class=\"wp-image-319032\" srcset=\"https:\/\/notinor.com\/jujuy\/wp-content\/uploads\/2021\/11\/foto-5.jpeg 632w, https:\/\/notinor.com\/jujuy\/wp-content\/uploads\/2021\/11\/foto-5-500x280.jpeg 500w\" sizes=\"(max-width: 632px) 100vw, 632px\" \/><\/figure><\/div>\n\n\n\n<p><strong>Mauricio Macri, si bien no sali\u00f3 fortalecido, no quedo fuera del mapa<\/strong>; como era una legislativa, tuvo que dejar el protagonismo para los curas que quieren ser papa. &nbsp;Ninguno de los candidatos que apoy\u00f3 p\u00fablicamente gan\u00f3. &nbsp;Eso s\u00ed, forz\u00f3 su presencia y la de sus laderos, Marcos Pe\u00f1a y Nicol\u00e1s Dujovne, en el podio de la victoria. &nbsp;<\/p>\n\n\n\n<p><strong>Patricia Bullrich, como presidente del PRO anduvo, recorriendo el pa\u00eds y por ello se adjudica la ganancia de los cinco senadores que obtuvo Juntos<\/strong>. En uno de esos recorridos, hizo una parada en Jujuy donde dej\u00f3 abierta la posibilidad de compartir f\u00f3rmula -encabezando o acompa\u00f1ando- con <strong>Gerardo Morales quien ya se larg\u00f3 de lleno sobre el objetivo de presidir la UCR.<\/strong>&nbsp; Este coqueteo de Bullrich con Morales, y los halagos de Macri hacia Javier Milei fueron interpretados como mojadas de oreja para Horacio Rodr\u00edguez Larreta y Mar\u00eda Eugenia Vidal, por un lado, y para Mart\u00edn Lousteau por el otro. &nbsp;Los halcones vienen picoteando fiero.<\/p>\n\n\n\n<div class=\"wp-block-image\"><figure class=\"aligncenter size-large\"><img decoding=\"async\" loading=\"lazy\" width=\"597\" height=\"358\" src=\"https:\/\/notinor.com\/jujuy\/wp-content\/uploads\/2021\/11\/foto-6.jpeg\" alt=\"\" class=\"wp-image-319033\"\/><\/figure><\/div>\n\n\n\n<p>Las palomas, <strong>Rodr\u00edguez Larreta y Vidal, no pudieron festejar como esperaban en la CABA<\/strong>&nbsp;ya que Mariu qued\u00f3 a tres largos puntos del esperado 50% y su desempe\u00f1o en las legislativas fue menor que en las PASO. &nbsp;En Buenos Aires le sucede otro tanto a <strong>Diego Santilli quien, si bien sigue arriba por punto y medio, est\u00e1 a la espera de que el escrutinio definitivo le deje alg\u00fan porotito m\u00e1s,<\/strong>&nbsp;pero el resultado fue tan ajustado que es lo que permite al kirchnerismo interpretarlo e intentar venderlo como una victoria. &nbsp;Bullrich ya pas\u00f3 factura por la pobreza de los guarismos. &nbsp;<strong>El jefe de Gobierno porte\u00f1o se acerc\u00f3 a Mart\u00edn Lousteau para influir en la interna radical;<\/strong>&nbsp;mala elecci\u00f3n ya que Gerardo Morales anda subiendo a los principales popes radicales a su tren y, en el centenario partido no quieren saber nada con volver a ser un protectorado del PRO.<\/p>\n\n\n\n<p class=\"has-medium-font-size\"><strong>LA ECONOM\u00cdA Y EL COSTO DE UNA DERROTA P\u00cdRRICA<\/strong><\/p>\n\n\n\n<p><strong>Los problemas que ten\u00edamos hasta la semana pasada contin\u00faan esta semana y continuar\u00e1n en lo que resta del a\u00f1o<\/strong>: inflaci\u00f3n, d\u00e9ficit fiscal, emisi\u00f3n monetaria irresponsable y descontrolada, la bomba de tiempo que representan las LELIQs, la falta de d\u00f3lares, y las reservas del BCRA en negativo. &nbsp;Nada de eso cambi\u00f3 sino que todo sigue igual. &nbsp;Si tenemos los mismos dilemas y si los encargados de resolverlos van a ser las mismas personas, entonces seguimos en serios aprietos porque los resultados van a ser los mismos, en el mejor de los casos.<\/p>\n\n\n\n<p>Cabe destacar que <strong>el anuncio presidencial tuvo un impacto negativo en los mercados<\/strong>&nbsp;ya que hasta ahora se registraron desplomes de las acciones argentinas en las bolsas; el d\u00f3lar blue se mantiene relativamente estable aunque quiz\u00e1s este fen\u00f3meno encuentre explicaci\u00f3n en la decisi\u00f3n de dejar de pisar el d\u00f3lar MEP.<\/p>\n\n\n\n<figure class=\"wp-block-image size-large\"><img decoding=\"async\" loading=\"lazy\" width=\"800\" height=\"450\" src=\"https:\/\/notinor.com\/jujuy\/wp-content\/uploads\/2021\/11\/foto-7.jpeg\" alt=\"\" class=\"wp-image-319034\" srcset=\"https:\/\/notinor.com\/jujuy\/wp-content\/uploads\/2021\/11\/foto-7.jpeg 800w, https:\/\/notinor.com\/jujuy\/wp-content\/uploads\/2021\/11\/foto-7-649x365.jpeg 649w, https:\/\/notinor.com\/jujuy\/wp-content\/uploads\/2021\/11\/foto-7-500x280.jpeg 500w, https:\/\/notinor.com\/jujuy\/wp-content\/uploads\/2021\/11\/foto-7-768x432.jpeg 768w, https:\/\/notinor.com\/jujuy\/wp-content\/uploads\/2021\/11\/foto-7-750x422.jpeg 750w\" sizes=\"(max-width: 800px) 100vw, 800px\" \/><\/figure>\n\n\n\n<p><strong>Es incalculable el da\u00f1o que se ha hecho a la econom\u00eda<\/strong>&nbsp;con la errada pol\u00edtica monetaria de usar reservas del BCRA para, pr\u00e1cticamente, subsidiar el d\u00f3lar bolsa y planchar al blue, a un ritmo de casi U$300 millones de d\u00f3lares a la semana. &nbsp;Pero, el da\u00f1o m\u00e1s grave, cuyas consecuencias comenzar\u00e1n a sentirse quiz\u00e1s m\u00e1s temprano que tarde, es el del <strong>impacto que tendr\u00e1 la emisi\u00f3n sobre el valor de la moneda. &nbsp;<\/strong>Para darse una idea de la magnitud de la descontrolada emisi\u00f3n, solo en octubre el BCRA tuvo que girar al Tesoro Nacional $350 mil millones de pesos<strong>. &nbsp;El Plan Platita (baja de Ganancias, subas en AUH y asignaciones familiares, programas para empleadas dom\u00e9sticas, programa \"mi pieza\", entre otros), tuvo un costo de $125.790 millones <\/strong>-un 0,27% del PBI-, para la compra de casi 1 mill\u00f3n 100 mil votos \u2013que es lo que mejor\u00f3 en performance electoral el oficialismo entre septiembre y noviembre, sobre todo en Buenos Aires-. &nbsp;Esto es sin contar el costo de la campa\u00f1a proselitista per se. Es decir que <strong>se \u201cinvirti\u00f3\u201d m\u00e1s de $114.500 por voto.<\/strong>&nbsp; Teniendo en cuenta estos siderales costos y los resultados de las urnas, estamos en condiciones de hablar de <strong>una derrota p\u00edrrica en toda regla.<\/strong><\/p>\n","protected":false},"excerpt":{"rendered":"<p>Editorial || A poco m\u00e1s de 72 horas de las Legislativas 2021 comenzaron los escrutinios definitivos y, tanto en el kirchnerismo como en la oposici\u00f3n cruzan los dedos para que se rompa ese equilibrio&nbsp;que surgi\u00f3 de los resultados preliminares que, por ahora, favorecen por una o dos bancas al oficialismo permiti\u00e9ndoles sostener la calidad de [&hellip;]<\/p>\n","protected":false},"author":49,"featured_media":319034,"comment_status":"open","ping_status":"open","sticky":false,"template":"","format":"standard","meta":{"_stopmodifiedupdate":false,"_modified_date":"","inline_featured_image":false,"spay_email":"","jetpack_publicize_message":""},"categories":[2,1127],"tags":[],"jetpack_featured_media_url":"https:\/\/notinor.com\/jujuy\/wp-content\/uploads\/2021\/11\/foto-7.jpeg","jetpack_publicize_connections":[],"_links":{"self":[{"href":"https:\/\/notinor.com\/jujuy\/wp-json\/wp\/v2\/posts\/319027"}],"collection":[{"href":"https:\/\/notinor.com\/jujuy\/wp-json\/wp\/v2\/posts"}],"about":[{"href":"https:\/\/notinor.com\/jujuy\/wp-json\/wp\/v2\/types\/post"}],"author":[{"embeddable":true,"href":"https:\/\/notinor.com\/jujuy\/wp-json\/wp\/v2\/users\/49"}],"replies":[{"embeddable":true,"href":"https:\/\/notinor.com\/jujuy\/wp-json\/wp\/v2\/comments?post=319027"}],"version-history":[{"count":2,"href":"https:\/\/notinor.com\/jujuy\/wp-json\/wp\/v2\/posts\/319027\/revisions"}],"predecessor-version":[{"id":319038,"href":"https:\/\/notinor.com\/jujuy\/wp-json\/wp\/v2\/posts\/319027\/revisions\/319038"}],"wp:featuredmedia":[{"embeddable":true,"href":"https:\/\/notinor.com\/jujuy\/wp-json\/wp\/v2\/media\/319034"}],"wp:attachment":[{"href":"https:\/\/notinor.com\/jujuy\/wp-json\/wp\/v2\/media?parent=319027"}],"wp:term":[{"taxonomy":"category","embeddable":true,"href":"https:\/\/notinor.com\/jujuy\/wp-json\/wp\/v2\/categories?post=319027"},{"taxonomy":"post_tag","embeddable":true,"href":"https:\/\/notinor.com\/jujuy\/wp-json\/wp\/v2\/tags?post=319027"}],"curies":[{"name":"wp","href":"https:\/\/api.w.org\/{rel}","templated":true}]}}