{"id":319021,"date":"2021-11-18T11:03:05","date_gmt":"2021-11-18T14:03:05","guid":{"rendered":"https:\/\/notinor.com\/jujuy\/?p=319021"},"modified":"2021-11-18T11:03:11","modified_gmt":"2021-11-18T14:03:11","slug":"acto-por-el-dia-de-la-autonomia-politica-de-jujuy","status":"publish","type":"post","link":"https:\/\/notinor.com\/jujuy\/acto-por-el-dia-de-la-autonomia-politica-de-jujuy\/","title":{"rendered":"Acto por el d\u00eda de la Autonom\u00eda Pol\u00edtica de Jujuy"},"content":{"rendered":"\n<p>En horas de la ma\u00f1ana se realiz\u00f3 un acto en Plazoleta del Barrio\u00a018\u00a0de\u00a0Noviembre\u00a0se llev\u00f3 a cabo el <strong>acto conmemorativo por el 187 Aniversario de la Autonom\u00eda Pol\u00edtica de Jujuy y el \u201cHomenaje al Primer Gobernador\u00a0de\u00a0Jujuy Cnel. Jos\u00e9 Mar\u00eda Fascio\u201d<\/strong>.\u00a0<\/p>\n\n\n\n<figure class=\"wp-block-image size-large\"><img decoding=\"async\" loading=\"lazy\" width=\"840\" height=\"468\" src=\"https:\/\/notinor.com\/jujuy\/wp-content\/uploads\/2021\/11\/WhatsApp-Image-2021-11-18-at-10.54.31-AM-840x468.jpeg\" alt=\"\" class=\"wp-image-319022\" srcset=\"https:\/\/notinor.com\/jujuy\/wp-content\/uploads\/2021\/11\/WhatsApp-Image-2021-11-18-at-10.54.31-AM-840x468.jpeg 840w, https:\/\/notinor.com\/jujuy\/wp-content\/uploads\/2021\/11\/WhatsApp-Image-2021-11-18-at-10.54.31-AM-656x365.jpeg 656w, https:\/\/notinor.com\/jujuy\/wp-content\/uploads\/2021\/11\/WhatsApp-Image-2021-11-18-at-10.54.31-AM-500x280.jpeg 500w, https:\/\/notinor.com\/jujuy\/wp-content\/uploads\/2021\/11\/WhatsApp-Image-2021-11-18-at-10.54.31-AM-768x428.jpeg 768w, https:\/\/notinor.com\/jujuy\/wp-content\/uploads\/2021\/11\/WhatsApp-Image-2021-11-18-at-10.54.31-AM-750x418.jpeg 750w, https:\/\/notinor.com\/jujuy\/wp-content\/uploads\/2021\/11\/WhatsApp-Image-2021-11-18-at-10.54.31-AM-1140x635.jpeg 1140w, https:\/\/notinor.com\/jujuy\/wp-content\/uploads\/2021\/11\/WhatsApp-Image-2021-11-18-at-10.54.31-AM.jpeg 1198w\" sizes=\"(max-width: 840px) 100vw, 840px\" \/><figcaption>Ministro de Seguridad Luis Mart\u00edn<\/figcaption><\/figure>\n\n\n\n<p>En la oportunidad el <strong>Ministro de Seguridad, Luis Mart\u00edn<\/strong>, afirm\u00f3 que la tenacidad y valent\u00eda de nuestros antepasados deben ser reavivadas todos los d\u00edas porque ellos estar\u00edan orgullosos de nuestra lucha y a\u00fan en el escenario de la lucha contra la pandemia. \u201cReconocer el pasado nos posiciona en el presente, somos un pueblo luchador e incansable que proyecta el futuro con crecimiento\u201d.<\/p>\n\n\n\n<p><strong>Por su parte el Vicegobernador Carlos\u00a0 Haquim se\u00f1al\u00f3 la importancia de esta fecha hist\u00f3rica para el pueblo juje\u00f1o<\/strong> y afirm\u00f3 que es una conmemoraci\u00f3n que nos lleva a pensar las cosas que hicieron los h\u00e9roes de nuestra provincia en su lucha por la independencia. \u201c<strong>Recordar el 18 de Noviembre nos pide redoblar el esfuerzo por el federalismo y nos tiene que servir para trabajar por la unidad de todos los juje\u00f1os<\/strong>\u201d, indic\u00f3.<\/p>\n\n\n\n<figure class=\"wp-block-image size-large\"><img decoding=\"async\" loading=\"lazy\" width=\"840\" height=\"455\" src=\"https:\/\/notinor.com\/jujuy\/wp-content\/uploads\/2021\/11\/WhatsApp-Image-2021-11-18-at-10.55.05-AM-840x455.jpeg\" alt=\"\" class=\"wp-image-319023\" srcset=\"https:\/\/notinor.com\/jujuy\/wp-content\/uploads\/2021\/11\/WhatsApp-Image-2021-11-18-at-10.55.05-AM-840x455.jpeg 840w, https:\/\/notinor.com\/jujuy\/wp-content\/uploads\/2021\/11\/WhatsApp-Image-2021-11-18-at-10.55.05-AM-660x357.jpeg 660w, https:\/\/notinor.com\/jujuy\/wp-content\/uploads\/2021\/11\/WhatsApp-Image-2021-11-18-at-10.55.05-AM-768x416.jpeg 768w, https:\/\/notinor.com\/jujuy\/wp-content\/uploads\/2021\/11\/WhatsApp-Image-2021-11-18-at-10.55.05-AM-750x406.jpeg 750w, https:\/\/notinor.com\/jujuy\/wp-content\/uploads\/2021\/11\/WhatsApp-Image-2021-11-18-at-10.55.05-AM-1140x617.jpeg 1140w, https:\/\/notinor.com\/jujuy\/wp-content\/uploads\/2021\/11\/WhatsApp-Image-2021-11-18-at-10.55.05-AM.jpeg 1210w\" sizes=\"(max-width: 840px) 100vw, 840px\" \/><figcaption>Vicegobernador Carlos Haquim<\/figcaption><\/figure>\n\n\n\n<p>Para finalizar, consultado en materia legislativa afirm\u00f3 que se trabaja en la sesi\u00f3n preparatoria para la asunci\u00f3n de los nuevos diputados y que es posible que se realice una sesi\u00f3n legislativa la pr\u00f3xima semana. Tambi\u00e9n se\u00f1al\u00f3 que espera el presupuesto nacional para ingresar el presupuesto provincial con los par\u00e1metros econ\u00f3micos adecuados.<\/p>\n","protected":false},"excerpt":{"rendered":"<p>En horas de la ma\u00f1ana se realiz\u00f3 un acto en Plazoleta del Barrio\u00a018\u00a0de\u00a0Noviembre\u00a0se llev\u00f3 a cabo el acto conmemorativo por el 187 Aniversario de la Autonom\u00eda Pol\u00edtica de Jujuy y el \u201cHomenaje al Primer Gobernador\u00a0de\u00a0Jujuy Cnel. Jos\u00e9 Mar\u00eda Fascio\u201d.\u00a0 En la oportunidad el Ministro de Seguridad, Luis Mart\u00edn, afirm\u00f3 que la tenacidad y valent\u00eda de [&hellip;]<\/p>\n","protected":false},"author":1,"featured_media":319024,"comment_status":"open","ping_status":"open","sticky":false,"template":"","format":"standard","meta":{"_stopmodifiedupdate":false,"_modified_date":"","inline_featured_image":false,"spay_email":"","jetpack_publicize_message":""},"categories":[2],"tags":[],"jetpack_featured_media_url":"https:\/\/notinor.com\/jujuy\/wp-content\/uploads\/2021\/11\/WhatsApp-Image-2021-11-18-at-10.55.52-AM.jpeg","jetpack_publicize_connections":[],"_links":{"self":[{"href":"https:\/\/notinor.com\/jujuy\/wp-json\/wp\/v2\/posts\/319021"}],"collection":[{"href":"https:\/\/notinor.com\/jujuy\/wp-json\/wp\/v2\/posts"}],"about":[{"href":"https:\/\/notinor.com\/jujuy\/wp-json\/wp\/v2\/types\/post"}],"author":[{"embeddable":true,"href":"https:\/\/notinor.com\/jujuy\/wp-json\/wp\/v2\/users\/1"}],"replies":[{"embeddable":true,"href":"https:\/\/notinor.com\/jujuy\/wp-json\/wp\/v2\/comments?post=319021"}],"version-history":[{"count":1,"href":"https:\/\/notinor.com\/jujuy\/wp-json\/wp\/v2\/posts\/319021\/revisions"}],"predecessor-version":[{"id":319025,"href":"https:\/\/notinor.com\/jujuy\/wp-json\/wp\/v2\/posts\/319021\/revisions\/319025"}],"wp:featuredmedia":[{"embeddable":true,"href":"https:\/\/notinor.com\/jujuy\/wp-json\/wp\/v2\/media\/319024"}],"wp:attachment":[{"href":"https:\/\/notinor.com\/jujuy\/wp-json\/wp\/v2\/media?parent=319021"}],"wp:term":[{"taxonomy":"category","embeddable":true,"href":"https:\/\/notinor.com\/jujuy\/wp-json\/wp\/v2\/categories?post=319021"},{"taxonomy":"post_tag","embeddable":true,"href":"https:\/\/notinor.com\/jujuy\/wp-json\/wp\/v2\/tags?post=319021"}],"curies":[{"name":"wp","href":"https:\/\/api.w.org\/{rel}","templated":true}]}}