{"id":318570,"date":"2021-11-15T09:19:02","date_gmt":"2021-11-15T12:19:02","guid":{"rendered":"https:\/\/notinor.com\/jujuy\/?p=318570"},"modified":"2021-11-15T09:19:05","modified_gmt":"2021-11-15T12:19:05","slug":"israel-comenzara-a-vacunar-contra-el-coronavirus-a-ninos-de-5-a-11-anos-la-proxima-semana","status":"publish","type":"post","link":"https:\/\/notinor.com\/jujuy\/israel-comenzara-a-vacunar-contra-el-coronavirus-a-ninos-de-5-a-11-anos-la-proxima-semana\/","title":{"rendered":"Israel comenzar\u00e1 a vacunar contra el coronavirus a ni\u00f1os de 5 a 11 a\u00f1os la pr\u00f3xima semana"},"content":{"rendered":"\n<p>Israel comenzar\u00e1 a vacunar contra el coronavirus a ni\u00f1os de 5 a 11 a\u00f1os a principios de la pr\u00f3xima semana, informaron medios hebreos este lunes.<\/p>\n\n\n\n<div class=\"wp-block-image\"><figure class=\"aligncenter size-large is-resized\"><img decoding=\"async\" loading=\"lazy\" src=\"https:\/\/notinor.com\/jujuy\/wp-content\/uploads\/2021\/11\/ISRAEL.jpg\" alt=\"\" class=\"wp-image-318572\" width=\"499\" height=\"281\" srcset=\"https:\/\/notinor.com\/jujuy\/wp-content\/uploads\/2021\/11\/ISRAEL.jpg 718w, https:\/\/notinor.com\/jujuy\/wp-content\/uploads\/2021\/11\/ISRAEL-649x365.jpg 649w\" sizes=\"(max-width: 499px) 100vw, 499px\" \/><\/figure><\/div>\n\n\n\n<p>\"Queremos comenzar esto lo antes posible\", dijo el director general del Ministerio de Salud, Nachman Ash, seg\u00fan recogi\u00f3 la cadena de radio nacional Kan\u200b\u200b\u200b.<\/p>\n\n\n\n<p>Las inyecciones de Pfizer-BioNTech para ni\u00f1os, cada una de solo un tercio del tama\u00f1o de las dosis para adultos, llegar\u00e1n al pa\u00eds el mi\u00e9rcoles o, a m\u00e1s tardar, el jueves, seg\u00fan los informes.<\/p>\n\n\n\n<p>Las vacunas se administrar\u00e1n en las cl\u00ednicas de mantenimiento de la salud y los equipos m\u00e9dicos recibir\u00e1n instrucciones sobre la administraci\u00f3n de las dosis en los pr\u00f3ximos d\u00edas.<\/p>\n\n\n\n<p>El comit\u00e9 de vacunaci\u00f3n del Ministerio de Salud se reunir\u00e1 el mi\u00e9rcoles para discutir la brecha entre la primera y la segunda dosis para ni\u00f1os, inform\u00f3 el sitio web Ynet. Aunque la Administraci\u00f3n de Drogas y Alimentos de Estados Unidos, (FDA, por sus siglas en ingl\u00e9s) ha recomendado una espera de tres semanas entre las dosis..<\/p>\n\n\n\n<p>Actualmente, Israel parece estar al final de su cuarta ola de coronavirus, ya que las nuevas infecciones y los casos graves han disminuido en las \u00faltimas semanas.<\/p>\n","protected":false},"excerpt":{"rendered":"<p>Israel comenzar\u00e1 a vacunar contra el coronavirus a ni\u00f1os de 5 a 11 a\u00f1os a principios de la pr\u00f3xima semana, informaron medios hebreos este lunes. \"Queremos comenzar esto lo antes posible\", dijo el director general del Ministerio de Salud, Nachman Ash, seg\u00fan recogi\u00f3 la cadena de radio nacional Kan\u200b\u200b\u200b. Las inyecciones de Pfizer-BioNTech para ni\u00f1os, [&hellip;]<\/p>\n","protected":false},"author":5,"featured_media":318572,"comment_status":"open","ping_status":"open","sticky":false,"template":"","format":"standard","meta":{"_stopmodifiedupdate":false,"_modified_date":"","inline_featured_image":false,"spay_email":"","jetpack_publicize_message":""},"categories":[6],"tags":[],"jetpack_featured_media_url":"https:\/\/notinor.com\/jujuy\/wp-content\/uploads\/2021\/11\/ISRAEL.jpg","jetpack_publicize_connections":[],"_links":{"self":[{"href":"https:\/\/notinor.com\/jujuy\/wp-json\/wp\/v2\/posts\/318570"}],"collection":[{"href":"https:\/\/notinor.com\/jujuy\/wp-json\/wp\/v2\/posts"}],"about":[{"href":"https:\/\/notinor.com\/jujuy\/wp-json\/wp\/v2\/types\/post"}],"author":[{"embeddable":true,"href":"https:\/\/notinor.com\/jujuy\/wp-json\/wp\/v2\/users\/5"}],"replies":[{"embeddable":true,"href":"https:\/\/notinor.com\/jujuy\/wp-json\/wp\/v2\/comments?post=318570"}],"version-history":[{"count":1,"href":"https:\/\/notinor.com\/jujuy\/wp-json\/wp\/v2\/posts\/318570\/revisions"}],"predecessor-version":[{"id":318574,"href":"https:\/\/notinor.com\/jujuy\/wp-json\/wp\/v2\/posts\/318570\/revisions\/318574"}],"wp:featuredmedia":[{"embeddable":true,"href":"https:\/\/notinor.com\/jujuy\/wp-json\/wp\/v2\/media\/318572"}],"wp:attachment":[{"href":"https:\/\/notinor.com\/jujuy\/wp-json\/wp\/v2\/media?parent=318570"}],"wp:term":[{"taxonomy":"category","embeddable":true,"href":"https:\/\/notinor.com\/jujuy\/wp-json\/wp\/v2\/categories?post=318570"},{"taxonomy":"post_tag","embeddable":true,"href":"https:\/\/notinor.com\/jujuy\/wp-json\/wp\/v2\/tags?post=318570"}],"curies":[{"name":"wp","href":"https:\/\/api.w.org\/{rel}","templated":true}]}}