{"id":316930,"date":"2021-11-01T17:43:00","date_gmt":"2021-11-01T20:43:00","guid":{"rendered":"https:\/\/notinor.com\/jujuy\/?p=316930"},"modified":"2021-11-01T17:43:05","modified_gmt":"2021-11-01T20:43:05","slug":"las-obras-en-el-cabildo-buscan-salvaguardar-el-legado-de-los-edificios-culturales","status":"publish","type":"post","link":"https:\/\/notinor.com\/jujuy\/las-obras-en-el-cabildo-buscan-salvaguardar-el-legado-de-los-edificios-culturales\/","title":{"rendered":"Las obras en el Cabildo buscan salvaguardar el legado de los edificios culturales"},"content":{"rendered":"\n<p class=\"has-medium-font-size\"><strong><em>Las obras en el Cabildo abrir\u00e1n el predio a Jujuy y al mundo, enlazando la historia con la producci\u00f3n cultural actual y de las generaciones que vienen.<\/em><\/strong><\/p>\n\n\n\n<div class=\"wp-block-image\"><figure class=\"aligncenter size-large\"><img decoding=\"async\" loading=\"lazy\" width=\"800\" height=\"450\" src=\"https:\/\/notinor.com\/jujuy\/wp-content\/uploads\/2021\/11\/cabildo.jpg\" alt=\"\" class=\"wp-image-316931\" srcset=\"https:\/\/notinor.com\/jujuy\/wp-content\/uploads\/2021\/11\/cabildo.jpg 800w, https:\/\/notinor.com\/jujuy\/wp-content\/uploads\/2021\/11\/cabildo-649x365.jpg 649w, https:\/\/notinor.com\/jujuy\/wp-content\/uploads\/2021\/11\/cabildo-500x280.jpg 500w, https:\/\/notinor.com\/jujuy\/wp-content\/uploads\/2021\/11\/cabildo-768x432.jpg 768w, https:\/\/notinor.com\/jujuy\/wp-content\/uploads\/2021\/11\/cabildo-750x422.jpg 750w\" sizes=\"(max-width: 800px) 100vw, 800px\" \/><\/figure><\/div>\n\n\n\n<p>Las obras de Recuperaci\u00f3n y Puesta en Valor del Cabildo Hist\u00f3rico se definen en la pol\u00edtica de salvaguardar el legado de los edificios que son testimonio de la historia del territorio, como lo fue para los casos de la iglesia de Uqu\u00eda y el Teatro Mitre, por ejemplo.<\/p>\n\n\n\n<p>La pol\u00edtica de valorizaci\u00f3n de edificios patrimoniales, a la vez, se ampl\u00eda en la visi\u00f3n del Plan Maestro de Desarrollo Jujuy 2021-2023, de una Provincia inserta en las din\u00e1micas globales actuales. As\u00ed, conjuntamente a las obras de puesta en valor, se despliegan proyectos que aseguran nuevos espacios para que Jujuy se consolide como polo de producci\u00f3n cultural al que el mundo mira por lo que emana, por convocante y por receptivo.<\/p>\n\n\n\n<p>En el Gran Jujuy, la de Ciudad de las Artes (al lado de Ciudad Cultural), Ciudad Deportiva (Alto Comedero), la expansi\u00f3n urbana verde que se configurar\u00e1 en torno a Ciudad Judicial (en Alto Padilla II, del otro lado de la RN9, en el acceso norte de la capital), el Museo Lola Mora (en Alto La Vi\u00f1a), el Mirador Potrero de Yala, el Estadio Federaci\u00f3n de B\u00e1squet adecuado a para eventos internacionales, entre otras, son las obras proyectadas en el Plan Maestro de Desarrollo para que la regi\u00f3n integrada por San Salvador de Jujuy, Yala y Palpal\u00e1 sea un nodo fortalecido con nuevas centralidades para las artes y la recreaci\u00f3n y, asimismo, un nodo distribuidor hacia las dem\u00e1s regiones, con ofrecimientos significativos a la ciudadan\u00eda del mundo que quiera conocer la diversidad de cultura y paisajes de todas las regiones de la provincia.<\/p>\n\n\n\n<p>El proyecto de obras en el Cabildo, en ese marco, se abrir\u00e1 en el coraz\u00f3n de la capital para que la ciudadan\u00eda cuente con otro lugar de encuentro, en este caso uno que lo acercar\u00e1 la historia y la producci\u00f3n cultural actual.<\/p>\n\n\n\n<p>El proyecto Cabildo II, la etapa 2 de obras que se suma a la que lleva adelante el Ministerio de Cultura y Turismo de Jujuy en el edificio hist\u00f3rico, aborda el predio trasero al edificio hist\u00f3rico, sector entre y sobre las calles Alvear y Sarmiento, con nuevos espacios y abriendo y acercando tambi\u00e9n a la comunidad tanto el edificio hist\u00f3rico como el sitio de Memoria (Centro Clandestino de Detenci\u00f3n Comando Radioel\u00e9ctrico).<\/p>\n\n\n\n<p>Las obras configurar\u00e1n un nuevo edificio para el museo El Cabildo, dos salas de uso p\u00fablico con capacidad para 120 personas cada una, nuevo espacio para el Archivo Hist\u00f3rico, una mediateca, oficinas de administraci\u00f3n, espacio de restobar, espacios sanitarios y plaza abierta, entre otros, y el sitio de Memoria.<\/p>\n\n\n\n<p>La inversi\u00f3n de la Provincia en las obras de Cabildo II es de m\u00e1s de $1.600 millones, afrontados con recursos propios provinciales, tienen un plazo de ejecuci\u00f3n de 20 meses, y son desplegadas por el Gobierno de Jujuy en el marco del Plan Maestro de Desarrollo Jujuy 2021-2023 desde la Direcci\u00f3n General de Arquitectura (DGA) de la Secretar\u00eda de Infraestructura del Ministerio de Infraestructura, Servicios P\u00fablicos, Tierra y Vivienda (MISPTyV).<\/p>\n","protected":false},"excerpt":{"rendered":"<p>Las obras en el Cabildo abrir\u00e1n el predio a Jujuy y al mundo, enlazando la historia con la producci\u00f3n cultural actual y de las generaciones que vienen. Las obras de Recuperaci\u00f3n y Puesta en Valor del Cabildo Hist\u00f3rico se definen en la pol\u00edtica de salvaguardar el legado de los edificios que son testimonio de la [&hellip;]<\/p>\n","protected":false},"author":49,"featured_media":316931,"comment_status":"open","ping_status":"open","sticky":false,"template":"","format":"standard","meta":{"_stopmodifiedupdate":false,"_modified_date":"","inline_featured_image":false,"spay_email":"","jetpack_publicize_message":""},"categories":[514],"tags":[],"jetpack_featured_media_url":"https:\/\/notinor.com\/jujuy\/wp-content\/uploads\/2021\/11\/cabildo.jpg","jetpack_publicize_connections":[],"_links":{"self":[{"href":"https:\/\/notinor.com\/jujuy\/wp-json\/wp\/v2\/posts\/316930"}],"collection":[{"href":"https:\/\/notinor.com\/jujuy\/wp-json\/wp\/v2\/posts"}],"about":[{"href":"https:\/\/notinor.com\/jujuy\/wp-json\/wp\/v2\/types\/post"}],"author":[{"embeddable":true,"href":"https:\/\/notinor.com\/jujuy\/wp-json\/wp\/v2\/users\/49"}],"replies":[{"embeddable":true,"href":"https:\/\/notinor.com\/jujuy\/wp-json\/wp\/v2\/comments?post=316930"}],"version-history":[{"count":1,"href":"https:\/\/notinor.com\/jujuy\/wp-json\/wp\/v2\/posts\/316930\/revisions"}],"predecessor-version":[{"id":316932,"href":"https:\/\/notinor.com\/jujuy\/wp-json\/wp\/v2\/posts\/316930\/revisions\/316932"}],"wp:featuredmedia":[{"embeddable":true,"href":"https:\/\/notinor.com\/jujuy\/wp-json\/wp\/v2\/media\/316931"}],"wp:attachment":[{"href":"https:\/\/notinor.com\/jujuy\/wp-json\/wp\/v2\/media?parent=316930"}],"wp:term":[{"taxonomy":"category","embeddable":true,"href":"https:\/\/notinor.com\/jujuy\/wp-json\/wp\/v2\/categories?post=316930"},{"taxonomy":"post_tag","embeddable":true,"href":"https:\/\/notinor.com\/jujuy\/wp-json\/wp\/v2\/tags?post=316930"}],"curies":[{"name":"wp","href":"https:\/\/api.w.org\/{rel}","templated":true}]}}