{"id":316022,"date":"2021-10-27T08:14:37","date_gmt":"2021-10-27T11:14:37","guid":{"rendered":"https:\/\/notinor.com\/jujuy\/?p=316022"},"modified":"2021-10-27T09:17:05","modified_gmt":"2021-10-27T12:17:05","slug":"corimayo-vda-de-amargo-maria-mercedes","status":"publish","type":"post","link":"https:\/\/notinor.com\/jujuy\/corimayo-vda-de-amargo-maria-mercedes\/","title":{"rendered":"CORIMAYO VDA. DE AMARGO, Mar\u00eda Mercedes"},"content":{"rendered":"\n<p><strong>Falleci\u00f3 el d\u00eda 25 de octubre de 2021, a hs. 23:15. C.A.S.R. y B.P., a la edad de 91 a\u00f1os. Sus hijos: Juan Alejandro, Ernesto Reymundo, Blanca Ester y Liliana Gladis Camargo; su hijo pol\u00edtico: Andr\u00e9s Diaz; sus nietos; sus nietos pol\u00edticos; sus bisnietos; sus sobrinos y dem\u00e1s familiares participan con profundo dolor su fallecimiento y comunican que sus restos ser\u00e1n inhumados hoy 27 de octubre a hs. 09:30 en el cementerio parque El Jard\u00edn del Castillo. FAE. Casa de duelo Mexico 1035 Alto Mariano Moreno. Servicio empresa La Piedad SA. Salta 727. Tel. 0388- 4222487. L\u00ednea gratuita 0800-444- 5274.<\/strong><\/p>\n","protected":false},"excerpt":{"rendered":"<p>Falleci\u00f3 el d\u00eda 25 de octubre de 2021, a hs. 23:15. C.A.S.R. y B.P., a la edad de 91 a\u00f1os. Sus hijos: Juan Alejandro, Ernesto Reymundo, Blanca Ester y Liliana Gladis Camargo; su hijo pol\u00edtico: Andr\u00e9s Diaz; sus nietos; sus nietos pol\u00edticos; sus bisnietos; sus sobrinos y dem\u00e1s familiares participan con profundo dolor su fallecimiento [&hellip;]<\/p>\n","protected":false},"author":5,"featured_media":129720,"comment_status":"open","ping_status":"open","sticky":false,"template":"","format":"standard","meta":{"_stopmodifiedupdate":false,"_modified_date":"","inline_featured_image":false},"categories":[523],"tags":[],"jetpack_featured_media_url":"https:\/\/notinor.com\/jujuy\/wp-content\/uploads\/2017\/08\/Obituarios1.jpg","_links":{"self":[{"href":"https:\/\/notinor.com\/jujuy\/wp-json\/wp\/v2\/posts\/316022"}],"collection":[{"href":"https:\/\/notinor.com\/jujuy\/wp-json\/wp\/v2\/posts"}],"about":[{"href":"https:\/\/notinor.com\/jujuy\/wp-json\/wp\/v2\/types\/post"}],"author":[{"embeddable":true,"href":"https:\/\/notinor.com\/jujuy\/wp-json\/wp\/v2\/users\/5"}],"replies":[{"embeddable":true,"href":"https:\/\/notinor.com\/jujuy\/wp-json\/wp\/v2\/comments?post=316022"}],"version-history":[{"count":1,"href":"https:\/\/notinor.com\/jujuy\/wp-json\/wp\/v2\/posts\/316022\/revisions"}],"predecessor-version":[{"id":316023,"href":"https:\/\/notinor.com\/jujuy\/wp-json\/wp\/v2\/posts\/316022\/revisions\/316023"}],"wp:featuredmedia":[{"embeddable":true,"href":"https:\/\/notinor.com\/jujuy\/wp-json\/wp\/v2\/media\/129720"}],"wp:attachment":[{"href":"https:\/\/notinor.com\/jujuy\/wp-json\/wp\/v2\/media?parent=316022"}],"wp:term":[{"taxonomy":"category","embeddable":true,"href":"https:\/\/notinor.com\/jujuy\/wp-json\/wp\/v2\/categories?post=316022"},{"taxonomy":"post_tag","embeddable":true,"href":"https:\/\/notinor.com\/jujuy\/wp-json\/wp\/v2\/tags?post=316022"}],"curies":[{"name":"wp","href":"https:\/\/api.w.org\/{rel}","templated":true}]}}