{"id":316019,"date":"2021-10-27T08:12:51","date_gmt":"2021-10-27T11:12:51","guid":{"rendered":"https:\/\/notinor.com\/jujuy\/?p=316019"},"modified":"2021-10-27T09:14:24","modified_gmt":"2021-10-27T12:14:24","slug":"martinez-verta","status":"publish","type":"post","link":"https:\/\/notinor.com\/jujuy\/martinez-verta\/","title":{"rendered":"MARTINEZ, Verta"},"content":{"rendered":"\n<p><strong>Falleci\u00f3 el d\u00eda 25 de octubre de 2021. Sus hijas: Am\u00e9rica, Azucena, Carmen; sus nietos; sus hijos pol\u00edticos y dem\u00e1s familiares participan con profundo dolor su fallecimiento y comunican que sus restos fueron inhumados ayer 26 de octubre en el cementerio municipal San Jos\u00e9, Perico. Ceremonia, tanatopraxia y honras f\u00fanebres Servicios Sociales Instituto del Norte SA. General G\u00fcemes 79 ciudad Perico, Jujuy. Tel. 0388-4911042.<\/strong><\/p>\n","protected":false},"excerpt":{"rendered":"<p>Falleci\u00f3 el d\u00eda 25 de octubre de 2021. Sus hijas: Am\u00e9rica, Azucena, Carmen; sus nietos; sus hijos pol\u00edticos y dem\u00e1s familiares participan con profundo dolor su fallecimiento y comunican que sus restos fueron inhumados ayer 26 de octubre en el cementerio municipal San Jos\u00e9, Perico. Ceremonia, tanatopraxia y honras f\u00fanebres Servicios Sociales Instituto del Norte [&hellip;]<\/p>\n","protected":false},"author":5,"featured_media":129720,"comment_status":"open","ping_status":"open","sticky":false,"template":"","format":"standard","meta":{"_stopmodifiedupdate":false,"_modified_date":"","inline_featured_image":false},"categories":[523],"tags":[],"jetpack_featured_media_url":"https:\/\/notinor.com\/jujuy\/wp-content\/uploads\/2017\/08\/Obituarios1.jpg","_links":{"self":[{"href":"https:\/\/notinor.com\/jujuy\/wp-json\/wp\/v2\/posts\/316019"}],"collection":[{"href":"https:\/\/notinor.com\/jujuy\/wp-json\/wp\/v2\/posts"}],"about":[{"href":"https:\/\/notinor.com\/jujuy\/wp-json\/wp\/v2\/types\/post"}],"author":[{"embeddable":true,"href":"https:\/\/notinor.com\/jujuy\/wp-json\/wp\/v2\/users\/5"}],"replies":[{"embeddable":true,"href":"https:\/\/notinor.com\/jujuy\/wp-json\/wp\/v2\/comments?post=316019"}],"version-history":[{"count":1,"href":"https:\/\/notinor.com\/jujuy\/wp-json\/wp\/v2\/posts\/316019\/revisions"}],"predecessor-version":[{"id":316020,"href":"https:\/\/notinor.com\/jujuy\/wp-json\/wp\/v2\/posts\/316019\/revisions\/316020"}],"wp:featuredmedia":[{"embeddable":true,"href":"https:\/\/notinor.com\/jujuy\/wp-json\/wp\/v2\/media\/129720"}],"wp:attachment":[{"href":"https:\/\/notinor.com\/jujuy\/wp-json\/wp\/v2\/media?parent=316019"}],"wp:term":[{"taxonomy":"category","embeddable":true,"href":"https:\/\/notinor.com\/jujuy\/wp-json\/wp\/v2\/categories?post=316019"},{"taxonomy":"post_tag","embeddable":true,"href":"https:\/\/notinor.com\/jujuy\/wp-json\/wp\/v2\/tags?post=316019"}],"curies":[{"name":"wp","href":"https:\/\/api.w.org\/{rel}","templated":true}]}}