{"id":316014,"date":"2021-10-27T08:08:00","date_gmt":"2021-10-27T11:08:00","guid":{"rendered":"https:\/\/notinor.com\/jujuy\/?p=316014"},"modified":"2021-10-27T09:12:37","modified_gmt":"2021-10-27T12:12:37","slug":"gaspar-benedito-rosa","status":"publish","type":"post","link":"https:\/\/notinor.com\/jujuy\/gaspar-benedito-rosa\/","title":{"rendered":"GASPAR, Benedito Rosa"},"content":{"rendered":"\n<p><strong>Falleci\u00f3 el d\u00eda 25 de octubre de 2021, a la edad de 59 a\u00f1os, sus hijos: Walter y Gianina Gaspar, sus hermanos: Margarita Silvia, Miguel, Alejandro, Estela, Rub\u00e9n, Mar\u00eda Am\u00e9rica, y V\u00edctor Hugo Gaspar, dem\u00e1s familiares participan con profundo dolor su fallecimiento y comunican que sus restos fueron despedidos en su domicilio de calle Hero\u00ednas Juje\u00f1as N\u00b0 185 , B\u00b0 18 de Noviembre, Palpal\u00e1 e inhumados ayer 26 de octubre en Cementerio Municipal Virgen de Paypaya, Palpal\u00e1. Servicio Valle de los Olivos SF, Avda. San Martin N\u00b0 40, B\u00b0 Belgrano, Palpal\u00e1 -TEL. 0388-4033828\/\/0388- 154033828 \/\/ 155831011 - Guardia permanente.-<\/strong><\/p>\n","protected":false},"excerpt":{"rendered":"<p>Falleci\u00f3 el d\u00eda 25 de octubre de 2021, a la edad de 59 a\u00f1os, sus hijos: Walter y Gianina Gaspar, sus hermanos: Margarita Silvia, Miguel, Alejandro, Estela, Rub\u00e9n, Mar\u00eda Am\u00e9rica, y V\u00edctor Hugo Gaspar, dem\u00e1s familiares participan con profundo dolor su fallecimiento y comunican que sus restos fueron despedidos en su domicilio de calle Hero\u00ednas [&hellip;]<\/p>\n","protected":false},"author":5,"featured_media":129720,"comment_status":"open","ping_status":"open","sticky":false,"template":"","format":"standard","meta":{"_stopmodifiedupdate":false,"_modified_date":"","inline_featured_image":false},"categories":[523],"tags":[],"jetpack_featured_media_url":"https:\/\/notinor.com\/jujuy\/wp-content\/uploads\/2017\/08\/Obituarios1.jpg","_links":{"self":[{"href":"https:\/\/notinor.com\/jujuy\/wp-json\/wp\/v2\/posts\/316014"}],"collection":[{"href":"https:\/\/notinor.com\/jujuy\/wp-json\/wp\/v2\/posts"}],"about":[{"href":"https:\/\/notinor.com\/jujuy\/wp-json\/wp\/v2\/types\/post"}],"author":[{"embeddable":true,"href":"https:\/\/notinor.com\/jujuy\/wp-json\/wp\/v2\/users\/5"}],"replies":[{"embeddable":true,"href":"https:\/\/notinor.com\/jujuy\/wp-json\/wp\/v2\/comments?post=316014"}],"version-history":[{"count":1,"href":"https:\/\/notinor.com\/jujuy\/wp-json\/wp\/v2\/posts\/316014\/revisions"}],"predecessor-version":[{"id":316018,"href":"https:\/\/notinor.com\/jujuy\/wp-json\/wp\/v2\/posts\/316014\/revisions\/316018"}],"wp:featuredmedia":[{"embeddable":true,"href":"https:\/\/notinor.com\/jujuy\/wp-json\/wp\/v2\/media\/129720"}],"wp:attachment":[{"href":"https:\/\/notinor.com\/jujuy\/wp-json\/wp\/v2\/media?parent=316014"}],"wp:term":[{"taxonomy":"category","embeddable":true,"href":"https:\/\/notinor.com\/jujuy\/wp-json\/wp\/v2\/categories?post=316014"},{"taxonomy":"post_tag","embeddable":true,"href":"https:\/\/notinor.com\/jujuy\/wp-json\/wp\/v2\/tags?post=316014"}],"curies":[{"name":"wp","href":"https:\/\/api.w.org\/{rel}","templated":true}]}}