{"id":316012,"date":"2021-10-27T08:05:44","date_gmt":"2021-10-27T11:05:44","guid":{"rendered":"https:\/\/notinor.com\/jujuy\/?p=316012"},"modified":"2021-10-27T09:08:07","modified_gmt":"2021-10-27T12:08:07","slug":"rojas-alicia-del-valle","status":"publish","type":"post","link":"https:\/\/notinor.com\/jujuy\/rojas-alicia-del-valle\/","title":{"rendered":"ROJAS, Alicia del Valle"},"content":{"rendered":"\n<p><strong>Falleci\u00f3 el d\u00eda 26 de octubre de 2021, a hs. 03:30. C.A.S.R. y B.P., a la edad de 60 a\u00f1os. Su hijo: H\u00e9ctor Germ\u00e1n; sus hermanas: Mar\u00eda Ester, Marina y Silvia; sus sobrinos: Facundo, Pablo, Cristian, Mariano y dem\u00e1s familiares comunican que sus restos mortales fueron inhumados ayer 26 de octubre en el cementerio Jard\u00edn del Castillo. Ruegan elevar una oraci\u00f3n en su memoria. Servicio de tanatopraxia y ceremonial empresa Futuro SRL. Ram\u00edrez de Velazco 137 S.S. de Jujuy, Jujuy. Tel. 0388- 4240090- 4232086. Para Caruso SA.<\/strong><\/p>\n","protected":false},"excerpt":{"rendered":"<p>Falleci\u00f3 el d\u00eda 26 de octubre de 2021, a hs. 03:30. C.A.S.R. y B.P., a la edad de 60 a\u00f1os. Su hijo: H\u00e9ctor Germ\u00e1n; sus hermanas: Mar\u00eda Ester, Marina y Silvia; sus sobrinos: Facundo, Pablo, Cristian, Mariano y dem\u00e1s familiares comunican que sus restos mortales fueron inhumados ayer 26 de octubre en el cementerio Jard\u00edn [&hellip;]<\/p>\n","protected":false},"author":5,"featured_media":129720,"comment_status":"open","ping_status":"open","sticky":false,"template":"","format":"standard","meta":{"_stopmodifiedupdate":false,"_modified_date":"","inline_featured_image":false},"categories":[523],"tags":[],"jetpack_featured_media_url":"https:\/\/notinor.com\/jujuy\/wp-content\/uploads\/2017\/08\/Obituarios1.jpg","_links":{"self":[{"href":"https:\/\/notinor.com\/jujuy\/wp-json\/wp\/v2\/posts\/316012"}],"collection":[{"href":"https:\/\/notinor.com\/jujuy\/wp-json\/wp\/v2\/posts"}],"about":[{"href":"https:\/\/notinor.com\/jujuy\/wp-json\/wp\/v2\/types\/post"}],"author":[{"embeddable":true,"href":"https:\/\/notinor.com\/jujuy\/wp-json\/wp\/v2\/users\/5"}],"replies":[{"embeddable":true,"href":"https:\/\/notinor.com\/jujuy\/wp-json\/wp\/v2\/comments?post=316012"}],"version-history":[{"count":1,"href":"https:\/\/notinor.com\/jujuy\/wp-json\/wp\/v2\/posts\/316012\/revisions"}],"predecessor-version":[{"id":316013,"href":"https:\/\/notinor.com\/jujuy\/wp-json\/wp\/v2\/posts\/316012\/revisions\/316013"}],"wp:featuredmedia":[{"embeddable":true,"href":"https:\/\/notinor.com\/jujuy\/wp-json\/wp\/v2\/media\/129720"}],"wp:attachment":[{"href":"https:\/\/notinor.com\/jujuy\/wp-json\/wp\/v2\/media?parent=316012"}],"wp:term":[{"taxonomy":"category","embeddable":true,"href":"https:\/\/notinor.com\/jujuy\/wp-json\/wp\/v2\/categories?post=316012"},{"taxonomy":"post_tag","embeddable":true,"href":"https:\/\/notinor.com\/jujuy\/wp-json\/wp\/v2\/tags?post=316012"}],"curies":[{"name":"wp","href":"https:\/\/api.w.org\/{rel}","templated":true}]}}