{"id":315990,"date":"2021-10-27T06:42:21","date_gmt":"2021-10-27T09:42:21","guid":{"rendered":"https:\/\/notinor.com\/jujuy\/?p=315990"},"modified":"2021-10-27T09:07:55","modified_gmt":"2021-10-27T12:07:55","slug":"jujuy-reporto-ayer-15-nuevos-casos-de-covid-una-persona-fallecida-y-8-altas-medicas","status":"publish","type":"post","link":"https:\/\/notinor.com\/jujuy\/jujuy-reporto-ayer-15-nuevos-casos-de-covid-una-persona-fallecida-y-8-altas-medicas\/","title":{"rendered":"Jujuy reporto ayer 15 nuevos casos de Covid , una persona fallecida y 8 altas medicas"},"content":{"rendered":"\n<p>La Subdirecci\u00f3n de Epidemiolog\u00eda informa en su Reporte diario que hoy se confirmaron 15 nuevos casos de COVID-19 en Jujuy y recibieron el Alta M\u00e9dica 8 pacientes.<\/p>\n\n\n\n<div class=\"wp-block-image\"><figure class=\"aligncenter is-resized\"><img decoding=\"async\" loading=\"lazy\" src=\"https:\/\/media.prensa.jujuy.gob.ar\/p\/b98b23328682e57e59af96c237062cd0\/adjuntos\/301\/imagenes\/000\/320\/0000320149\/1200x0\/smart\/0000261717jpg.jpg\" alt=\"Reporte Diario Covid-19\" width=\"558\" height=\"313\" title=\"Reporte Diario Covid-19\"\/><\/figure><\/div>\n\n\n\n<p><a href=\"https:\/\/media.prensa.jujuy.gob.ar\/p\/b98b23328682e57e59af96c237062cd0\/adjuntos\/301\/imagenes\/000\/320\/0000320149\/1200x0\/smart\/0000261717jpg.jpg\"><\/a><\/p>\n\n\n\n<p><strong>Detalle de casos positivos seg\u00fan localidad:<\/strong><\/p>\n\n\n\n<p>SAN SALVADOR DE\u00a0JUJUY\u00a09<\/p>\n\n\n\n<p>SAN PEDRO 4<\/p>\n\n\n\n<p>PALPAL\u00c1 1<\/p>\n\n\n\n<p>HUMAHUACA 1<\/p>\n\n\n\n<p><strong>Estado de situaci\u00f3n desde el inicio de la pandemia:<\/strong><\/p>\n\n\n\n<p>Hasta el momento se realizaron 239.571 tests en toda la Provincia, arrojando un total de 48.251 casos positivos. Se recuperaron de la enfermedad 46.302. Fallecieron 1.549 personas.<\/p>\n\n\n\n<p>Se notific\u00f3 1 fallecimientos por\u00a0Covid-19: una mujer de 55 a\u00f1os de edad. Cabe aclarar que los fallecimientos son reportado e informados por el Registro Civil de la Provincia de Jujuy y corresponden a d\u00edas anteriores.<\/p>\n\n\n\n<p>El Gobierno de Jujuy lamenta la p\u00e9rdida y acompa\u00f1a con profundo dolor a la familia.<\/p>\n\n\n\n<p>Ante el m\u00ednimo s\u00edntoma que tengas, qu\u00e9date en casa y consult\u00e1 con tu m\u00e9dico de cabecera o pod\u00e9s llamar al 0800-888-4767 las 24 horas o al 388 -4310494 (COE) de 08.00 a 20.00 hs.<\/p>\n","protected":false},"excerpt":{"rendered":"<p>La Subdirecci\u00f3n de Epidemiolog\u00eda informa en su Reporte diario que hoy se confirmaron 15 nuevos casos de COVID-19 en Jujuy y recibieron el Alta M\u00e9dica 8 pacientes. Detalle de casos positivos seg\u00fan localidad: SAN SALVADOR DE\u00a0JUJUY\u00a09 SAN PEDRO 4 PALPAL\u00c1 1 HUMAHUACA 1 Estado de situaci\u00f3n desde el inicio de la pandemia: Hasta el momento [&hellip;]<\/p>\n","protected":false},"author":5,"featured_media":315993,"comment_status":"open","ping_status":"open","sticky":false,"template":"","format":"standard","meta":{"_stopmodifiedupdate":false,"_modified_date":"","inline_featured_image":false},"categories":[2],"tags":[],"jetpack_featured_media_url":"https:\/\/notinor.com\/jujuy\/wp-content\/uploads\/2021\/10\/REPORTE-6.jpg","_links":{"self":[{"href":"https:\/\/notinor.com\/jujuy\/wp-json\/wp\/v2\/posts\/315990"}],"collection":[{"href":"https:\/\/notinor.com\/jujuy\/wp-json\/wp\/v2\/posts"}],"about":[{"href":"https:\/\/notinor.com\/jujuy\/wp-json\/wp\/v2\/types\/post"}],"author":[{"embeddable":true,"href":"https:\/\/notinor.com\/jujuy\/wp-json\/wp\/v2\/users\/5"}],"replies":[{"embeddable":true,"href":"https:\/\/notinor.com\/jujuy\/wp-json\/wp\/v2\/comments?post=315990"}],"version-history":[{"count":1,"href":"https:\/\/notinor.com\/jujuy\/wp-json\/wp\/v2\/posts\/315990\/revisions"}],"predecessor-version":[{"id":315995,"href":"https:\/\/notinor.com\/jujuy\/wp-json\/wp\/v2\/posts\/315990\/revisions\/315995"}],"wp:featuredmedia":[{"embeddable":true,"href":"https:\/\/notinor.com\/jujuy\/wp-json\/wp\/v2\/media\/315993"}],"wp:attachment":[{"href":"https:\/\/notinor.com\/jujuy\/wp-json\/wp\/v2\/media?parent=315990"}],"wp:term":[{"taxonomy":"category","embeddable":true,"href":"https:\/\/notinor.com\/jujuy\/wp-json\/wp\/v2\/categories?post=315990"},{"taxonomy":"post_tag","embeddable":true,"href":"https:\/\/notinor.com\/jujuy\/wp-json\/wp\/v2\/tags?post=315990"}],"curies":[{"name":"wp","href":"https:\/\/api.w.org\/{rel}","templated":true}]}}