{"id":315989,"date":"2021-10-27T08:39:49","date_gmt":"2021-10-27T11:39:49","guid":{"rendered":"https:\/\/notinor.com\/jujuy\/?p=315989"},"modified":"2021-10-27T08:39:52","modified_gmt":"2021-10-27T11:39:52","slug":"diagrama-de-la-tercera-dosis-en-jujuy","status":"publish","type":"post","link":"https:\/\/notinor.com\/jujuy\/diagrama-de-la-tercera-dosis-en-jujuy\/","title":{"rendered":"Diagrama de la tercera dosis en Jujuy"},"content":{"rendered":"\n<p>Este martes, el Ministerio de Salud de la Naci\u00f3n emiti\u00f3 un comunicado sobre la aplicaci\u00f3n de terceras dosis de Covid-19 y en Jujuy ya se encuentran planificando como ser\u00e1 ese operativo de vacunaci\u00f3n que tendr\u00e1 muchas similitudes al que ya rige en la provincia y este mi\u00e9rcoles las autoridades se reunir\u00e1n para diagramarlo.<\/p>\n\n\n\n<div class=\"wp-block-image\"><figure class=\"aligncenter is-resized\"><img decoding=\"async\" loading=\"lazy\" src=\"https:\/\/lh3.googleusercontent.com\/proxy\/mYcXuK2bVvlHKWh7r-MooXxT_ZYcmFBnGjGFZsTPilPu6U1nEyaJ3qStQ84-YbOqZa3JE0HAxJ9rnd8QdF-036zNF41j99a7NGOdOyOqVM72Kkd1huJMxpkwBr-BadngJsq5PQoADa7O9vQENwYFmtHGCn0Iaaj16nnW_jJtipNWblYp4ayB\" alt=\"Covid-19: la vacunaci\u00f3n a adolescentes de 12 a 17 a\u00f1os con factores de  riesgo ser\u00e1 por demanda espont\u00e1nea \u2013 Ministerio de Salud\" width=\"909\" height=\"608\"\/><\/figure><\/div>\n\n\n\n<p>\"<strong>estamos diagramando el operativo desde el viernes pasado cuando esta situaci\u00f3n se plante\u00f3 entre todos los ministerios del pa\u00eds<\/strong>. Es una estrategia de terceras dosis para dos grupos poblacionales bien marcados a fin de reforzar y ampliar la respuesta inmunol\u00f3gica contra el Covid-19\".<\/p>\n\n\n\n<p>Explic\u00f3 que el Ministerio de Jujuy ya empez\u00f3 a localizar a quienes tienen que recibir la tercera dosis seg\u00fan lo anunciado por Naci\u00f3n.<\/p>\n\n\n\n<h2><strong>Los dos grupos que recibir\u00e1n la tercera dosis<\/strong><\/h2>\n\n\n\n<p>- Mayores de 50 a\u00f1os con o sin comorbilidades, que haya recibido la vacuna Sinohparm.<\/p>\n\n\n\n<p>- Personas mayores de tres a\u00f1os que sean inmunocomprometidas, es decir, los pacientes oncol\u00f3gicos, receptores de trasplantes, que convivan con VIH, que tengan alguna inmuno deficiencia cong\u00e9nita o adquirida y los que est\u00e9n en tratamiento con dosis altas de corticoides o inmuno supresores.<\/p>\n\n\n\n<p>Di Pietro se refiri\u00f3 a este grupo poblacional y dijo que\u00a0<strong>ser\u00e1n vacunados con la Astrazeneca o Sputnik V<\/strong>\u00a0seg\u00fan lo que recomienda el Ministerio de Salud de la Naci\u00f3n<\/p>\n\n\n\n<p><strong>La recomendaci\u00f3n de Naci\u00f3n es por esquemas hom\u00f3logos (poner la misma vacuna, la misma dosis), o heter\u00f3logos (poner otras vacunas).&nbsp;<\/strong>\"Por recomendaci\u00f3n se colocar\u00e1 la Astrazeneca o Sputnik V, pero todav\u00eda estamos esperando la recomendaci\u00f3n por escrito que ser\u00e1 destinada a los equipos de inmunizaci\u00f3n\", asegur\u00f3.<\/p>\n\n\n\n<p>Asimismo sostuvo que \"distintas investigaciones dijeron que hab\u00eda que hacer un refuerzo en la inmunidad en aquellas personas que no tienen una suficiencia en sus respuestas inmunol\u00f3gicas, y colocar una tercera dosis, en especial en las que recibieron la Sinophram\".<\/p>\n\n\n\n<h2><strong>AVANCE DE LA VACUNACI\u00d3N EN LA PROVINCIA<\/strong><\/h2>\n\n\n\n<p>Desde el inicio de la campa\u00f1a de vacunaci\u00f3n en Argentina, Jujuy recibi\u00f3\u00a01.156.907 dosis y hasta este martes 936.938 fueron colocadas. Se trata de\u00a0557.935 primeras aplicaciones y\u00a0378.964 inmunizaciones para completar esquemas. Adem\u00e1s, el Monitor P\u00fablico de Vacunaci\u00f3n consigna que hubo\u00a039 vacunas de monodosis inoculadas.<\/p>\n\n\n\n<h2><strong>Personal de salud<\/strong><\/h2>\n\n\n\n<p>Por \u00faltimo, la referente de la Secretar\u00eda de Salud de la provincia de Jujuy indic\u00f3 que hay una gran probabilidad de que<strong>\u00a0en diciembre se aplique la tercera dosis de la vacuna contra el Covid-19 al personal de salud<\/strong>, pero que no tiene m\u00e1s detalles sobre el tema.<\/p>\n\n\n\n<h1><strong>Reporte Diario Covid-19 en Jujuy<\/strong><\/h1>\n\n\n\n<p>La Subdirecci\u00f3n de Epidemiolog\u00eda informa en su Reporte diario que hoy se confirmaron 15 nuevos casos de COVID-19 en Jujuy y recibieron el Alta M\u00e9dica 8 pacientes.<\/p>\n\n\n\n<p>SAN SALVADOR DE JUJUY 9<\/p>\n\n\n\n<p>SAN PEDRO 4<\/p>\n\n\n\n<p>PALPAL\u00c1 1<\/p>\n\n\n\n<p>HUMAHUACA 1<\/p>\n\n\n\n<p><strong>Estado de situaci\u00f3n desde el inicio de la pandemia:<\/strong><\/p>\n\n\n\n<p>Hasta el momento se realizaron 239.571 tests en toda la Provincia, arrojando un total de 48.251 casos positivos. Se recuperaron de la enfermedad 46.302. Fallecieron 1.549 personas.<\/p>\n\n\n\n<p>Se notific\u00f3 1 fallecimientos por Covid-19: una mujer de 55 a\u00f1os de edad. Cabe aclarar que los fallecimientos son reportado e informados por el Registro Civil de la Provincia de Jujuy y corresponden a d\u00edas anteriores.<\/p>\n\n\n\n<p>El Gobierno de Jujuy lamenta la p\u00e9rdida y acompa\u00f1a con profundo dolor a la familia.<\/p>\n\n\n\n<p>Ante el m\u00ednimo s\u00edntoma que tengas, qu\u00e9date en casa y consult\u00e1 con tu m\u00e9dico de cabecera o pod\u00e9s llamar al 0800-888-4767 las 24 horas o al 388 -4310494 (COE) de 08.00 a 20.00 hs.<\/p>\n\n\n\n<p><\/p>\n\n\n\n<p>Fuente: Todo Jujuy<\/p>\n","protected":false},"excerpt":{"rendered":"<p>Este martes, el Ministerio de Salud de la Naci\u00f3n emiti\u00f3 un comunicado sobre la aplicaci\u00f3n de terceras dosis de Covid-19 y en Jujuy ya se encuentran planificando como ser\u00e1 ese operativo de vacunaci\u00f3n que tendr\u00e1 muchas similitudes al que ya rige en la provincia y este mi\u00e9rcoles las autoridades se reunir\u00e1n para diagramarlo. \"estamos diagramando [&hellip;]<\/p>\n","protected":false},"author":40,"featured_media":315991,"comment_status":"open","ping_status":"open","sticky":false,"template":"","format":"standard","meta":{"_stopmodifiedupdate":false,"_modified_date":"","inline_featured_image":false},"categories":[514],"tags":[],"jetpack_featured_media_url":"https:\/\/notinor.com\/jujuy\/wp-content\/uploads\/2021\/10\/377fddc7c85ad285f363a02c34c203cfd271541e-1000x665-1.jpeg","_links":{"self":[{"href":"https:\/\/notinor.com\/jujuy\/wp-json\/wp\/v2\/posts\/315989"}],"collection":[{"href":"https:\/\/notinor.com\/jujuy\/wp-json\/wp\/v2\/posts"}],"about":[{"href":"https:\/\/notinor.com\/jujuy\/wp-json\/wp\/v2\/types\/post"}],"author":[{"embeddable":true,"href":"https:\/\/notinor.com\/jujuy\/wp-json\/wp\/v2\/users\/40"}],"replies":[{"embeddable":true,"href":"https:\/\/notinor.com\/jujuy\/wp-json\/wp\/v2\/comments?post=315989"}],"version-history":[{"count":1,"href":"https:\/\/notinor.com\/jujuy\/wp-json\/wp\/v2\/posts\/315989\/revisions"}],"predecessor-version":[{"id":315992,"href":"https:\/\/notinor.com\/jujuy\/wp-json\/wp\/v2\/posts\/315989\/revisions\/315992"}],"wp:featuredmedia":[{"embeddable":true,"href":"https:\/\/notinor.com\/jujuy\/wp-json\/wp\/v2\/media\/315991"}],"wp:attachment":[{"href":"https:\/\/notinor.com\/jujuy\/wp-json\/wp\/v2\/media?parent=315989"}],"wp:term":[{"taxonomy":"category","embeddable":true,"href":"https:\/\/notinor.com\/jujuy\/wp-json\/wp\/v2\/categories?post=315989"},{"taxonomy":"post_tag","embeddable":true,"href":"https:\/\/notinor.com\/jujuy\/wp-json\/wp\/v2\/tags?post=315989"}],"curies":[{"name":"wp","href":"https:\/\/api.w.org\/{rel}","templated":true}]}}