{"id":315970,"date":"2021-10-27T08:30:57","date_gmt":"2021-10-27T11:30:57","guid":{"rendered":"https:\/\/notinor.com\/jujuy\/?p=315970"},"modified":"2021-10-27T08:56:26","modified_gmt":"2021-10-27T11:56:26","slug":"la-comision-de-transporte-recibio-la-visita-del-secretario-de-servicios-publicos","status":"publish","type":"post","link":"https:\/\/notinor.com\/jujuy\/la-comision-de-transporte-recibio-la-visita-del-secretario-de-servicios-publicos\/","title":{"rendered":"La Comisi\u00f3n de Transporte recibi\u00f3 la visita del Secretario de Servicios P\u00fablicos"},"content":{"rendered":"\n<p>Este martes por la ma\u00f1ana se reuni\u00f3 la comisi\u00f3n de Transporte, con la presencia del Secretario de Servicios P\u00fablicos de la Municipalidad de San Salvador de Jujuy, Guillermo Marenco, con el objetivo de analizar diversos proyectos que se est\u00e1n trabajando en la comisi\u00f3n.<\/p>\n\n\n\n<figure class=\"wp-block-image size-large\"><img decoding=\"async\" loading=\"lazy\" width=\"750\" height=\"246\" src=\"https:\/\/notinor.com\/jujuy\/wp-content\/uploads\/2021\/10\/Reuni\u00f3n-de-Transporte.jpg\" alt=\"\" class=\"wp-image-315983\" srcset=\"https:\/\/notinor.com\/jujuy\/wp-content\/uploads\/2021\/10\/Reuni\u00f3n-de-Transporte.jpg 750w, https:\/\/notinor.com\/jujuy\/wp-content\/uploads\/2021\/10\/Reuni\u00f3n-de-Transporte-660x216.jpg 660w\" sizes=\"(max-width: 750px) 100vw, 750px\" \/><\/figure>\n\n\n\n<p>Al respecto, el presidente del Concejo Deliberante, Lisandro Aguiar, afirm\u00f3 que \"estamos analizando diversos proyectos que hay en el marco de la comisi\u00f3n, haciendo el an\u00e1lisis t\u00e9cnico y de esa manera emitir los correspondientes dict\u00e1menes. Los temas que est\u00e1n en tratamiento son el uso de la v\u00eda p\u00fablica de las veredas por parte de talleres y gomer\u00edas, a fin de regular esta actividad, dado que muchos vecinos plantean que hay un uso y, en algunos casos, un abuso de esta situaci\u00f3n\".<\/p>\n\n\n\n<p>\"Tambi\u00e9n estamos analizando diversos proyectos \u2013continu\u00f3 Aguiar- que regulan el uso de nuevo sistemas de movilidad, como el monopat\u00edn dentro del \u00e1mbito de la ciudad. La idea es establecer con claridad que requisitos de seguridad y elementos deben usarse, ya que es una modalidad moderna y muy econ\u00f3mica que necesita de normas, por donde circular, como circular, donde dejar este elemento\".<\/p>\n\n\n\n<p>M\u00e1s adelante, el edil radical resalt\u00f3 que \"tambi\u00e9n tratamos lo que es la tem\u00e1tica del sistema de transporte en general, todos estos temas fueron analizados y vamos a emitir dict\u00e1menes de los distintos proyectos, ya sea positivo o negativo, o haciendo modificaciones a las distintas iniciativas de los concejales, a fin de emitir las normas de convivencia dentro del \u00e1mbito de San Salvador de Jujuy\".<\/p>\n\n\n\n<p>Por su parte, el titular de la Comisi\u00f3n de Transporte, Roberto Brizuela, destac\u00f3 que \"tratamos varios temas, fue muy positiva la reuni\u00f3n, sacamos provecho del secretario y nos dio su punto de vista de todos los proyectos presentados. Seguiremos con estas visitas que son positivas y que le hacen bien al Concejo Deliberante. Tambi\u00e9n hablamos de la nueva movilidad que est\u00e1 surgiendo como el monopat\u00edn, hay que regularlo. El secretario nos pidi\u00f3 un tiempo para ver como implementan esta nueva modalidad en la ciudad\".<\/p>\n\n\n\n<p>Por \u00faltimo, el Secretario de Servicios P\u00fablicos, Guillermo Marenco, remarc\u00f3 que \"tratamos muchos temas, muy amables y respetuosos, pudimos intercambiar opiniones y ponernos de acuerdo, disentir como puede pasar en muchos aspectos. Pero entiendo que fue muy constructiva y sirve para seguir adelante con algunos proyectos de ordenanzas. En algunos otros en los que no nos pusimos de acuerdo, entendimos que debemos seguir trat\u00e1ndolos,&nbsp; analizando los detalles y las alternativas a tener en cuenta para mejorar el proyecto. El compromiso de seguir est\u00e1 l\u00ednea de di\u00e1logo permanente que mantenemos en todo momento y que, obviamente, genera la construcci\u00f3n de los espacios para debatir en forma madura y acertada\".<\/p>\n\n\n\n<p>El funcionario tambi\u00e9n a\u00f1adi\u00f3 que \"otro tema tiene que ver con la red de ciclov\u00edas que estamos generando dentro del municipio desde hace mucho tiempo a esta parte, como generar la convivencia de las ciclov\u00edas con los monopatines, pero fundamentalmente, la reglamentaci\u00f3n de los elementos de seguridad y las medidas de seguridad en materia de tr\u00e1nsito que deben respetar\", finaliz\u00f3.&nbsp;<\/p>\n\n\n\n<figure class=\"wp-block-image size-large\"><img decoding=\"async\" loading=\"lazy\" width=\"750\" height=\"245\" src=\"https:\/\/notinor.com\/jujuy\/wp-content\/uploads\/2021\/10\/Reuni\u00f3n-de-Transporte2.jpg\" alt=\"\" class=\"wp-image-315980\" srcset=\"https:\/\/notinor.com\/jujuy\/wp-content\/uploads\/2021\/10\/Reuni\u00f3n-de-Transporte2.jpg 750w, https:\/\/notinor.com\/jujuy\/wp-content\/uploads\/2021\/10\/Reuni\u00f3n-de-Transporte2-660x216.jpg 660w\" sizes=\"(max-width: 750px) 100vw, 750px\" \/><\/figure>\n","protected":false},"excerpt":{"rendered":"<p>Este martes por la ma\u00f1ana se reuni\u00f3 la comisi\u00f3n de Transporte, con la presencia del Secretario de Servicios P\u00fablicos de la Municipalidad de San Salvador de Jujuy, Guillermo Marenco, con el objetivo de analizar diversos proyectos que se est\u00e1n trabajando en la comisi\u00f3n. Al respecto, el presidente del Concejo Deliberante, Lisandro Aguiar, afirm\u00f3 que \"estamos [&hellip;]<\/p>\n","protected":false},"author":5,"featured_media":315985,"comment_status":"open","ping_status":"open","sticky":false,"template":"","format":"standard","meta":{"_stopmodifiedupdate":false,"_modified_date":"","inline_featured_image":false},"categories":[514],"tags":[],"jetpack_featured_media_url":"https:\/\/notinor.com\/jujuy\/wp-content\/uploads\/2021\/10\/Reuni\u00f3n-de-Transporte4.jpg","_links":{"self":[{"href":"https:\/\/notinor.com\/jujuy\/wp-json\/wp\/v2\/posts\/315970"}],"collection":[{"href":"https:\/\/notinor.com\/jujuy\/wp-json\/wp\/v2\/posts"}],"about":[{"href":"https:\/\/notinor.com\/jujuy\/wp-json\/wp\/v2\/types\/post"}],"author":[{"embeddable":true,"href":"https:\/\/notinor.com\/jujuy\/wp-json\/wp\/v2\/users\/5"}],"replies":[{"embeddable":true,"href":"https:\/\/notinor.com\/jujuy\/wp-json\/wp\/v2\/comments?post=315970"}],"version-history":[{"count":1,"href":"https:\/\/notinor.com\/jujuy\/wp-json\/wp\/v2\/posts\/315970\/revisions"}],"predecessor-version":[{"id":315988,"href":"https:\/\/notinor.com\/jujuy\/wp-json\/wp\/v2\/posts\/315970\/revisions\/315988"}],"wp:featuredmedia":[{"embeddable":true,"href":"https:\/\/notinor.com\/jujuy\/wp-json\/wp\/v2\/media\/315985"}],"wp:attachment":[{"href":"https:\/\/notinor.com\/jujuy\/wp-json\/wp\/v2\/media?parent=315970"}],"wp:term":[{"taxonomy":"category","embeddable":true,"href":"https:\/\/notinor.com\/jujuy\/wp-json\/wp\/v2\/categories?post=315970"},{"taxonomy":"post_tag","embeddable":true,"href":"https:\/\/notinor.com\/jujuy\/wp-json\/wp\/v2\/tags?post=315970"}],"curies":[{"name":"wp","href":"https:\/\/api.w.org\/{rel}","templated":true}]}}