{"id":315969,"date":"2021-10-27T08:14:44","date_gmt":"2021-10-27T11:14:44","guid":{"rendered":"https:\/\/notinor.com\/jujuy\/?p=315969"},"modified":"2021-10-27T08:14:47","modified_gmt":"2021-10-27T11:14:47","slug":"el-tio-me-toca-asi-una-nena-le-conto-a-su-seno-que-no-quiere-volver-a-casa","status":"publish","type":"post","link":"https:\/\/notinor.com\/jujuy\/el-tio-me-toca-asi-una-nena-le-conto-a-su-seno-que-no-quiere-volver-a-casa\/","title":{"rendered":"\"El tio me toca\": as\u00ed una nena le cont\u00f3 a su \"se\u00f1o\" que no quiere volver a casa"},"content":{"rendered":"\n<h2>La docente&nbsp;de Santiago del Estero estaba preocupada por un rotundo cambio de actitud en la chiquita y decidi\u00f3 acercarse a conversar.&nbsp;<strong><em>ABERRANTES DETALLES<\/em><\/strong>.<\/h2>\n\n\n\n<figure class=\"wp-block-image is-resized\"><img decoding=\"async\" loading=\"lazy\" src=\"https:\/\/www.cronica.com.ar\/__export\/1634559462849\/sites\/cronica\/img\/2021\/10\/18\/juego-de-la-violacion-santiago-del-estero_crop1634557526722.jpg_1734428432.jpg\" alt=\"Una adolescente le revel\u00f3 a su maestra los ultrajes que recibi\u00f3 en su casa (Imagen ilustrativa).\" width=\"1167\" height=\"658\"\/><figcaption>Una adolescente le revel\u00f3 a su maestra los ultrajes que recibi\u00f3 en su casa (Imagen ilustrativa).<\/figcaption><\/figure>\n\n\n\n<p>Un nuevo caso de presunto abuso sexual a una menor tuvo lugar en Santiago del Estero. Esta vez, el hecho fue descubierto por una maestra preocupada por una de sus alumnas quien decidi\u00f3 involucrarse y entablar un di\u00e1logo franco con ella. Gracias a esta acci\u00f3n, lograron hacer la denuncia policial y alertar al resto de la familia.<\/p>\n\n\n\n<p><strong>La chiquita tiene 13 a\u00f1os<\/strong>&nbsp;y comenz\u00f3 a comportarse de forma extra\u00f1a en un colegio de Nivel Secundario de&nbsp;<strong>Termas de R\u00edo Hondo<\/strong>.&nbsp;<strong>Pas\u00f3 de ser una persona extrovertida a mostrarse distra\u00edda y callada durante las horas de clases.&nbsp;<\/strong>Una profesora, al notar este rotundo cambio de actitud opt\u00f3 por tomar cartas en el asunto. Fue as\u00ed como la chica le confes\u00f3 que ten\u00eda miedo de regresar a su casa.<\/p>\n\n\n\n<h2>El escalofriante relato de la adolescente abusada por su t\u00edo<\/h2>\n\n\n\n<p>Al verse indagada por la docente, ella entr\u00f3 en una crisis de nervios y confes\u00f3 todo lo que le estaba ocurriendo en su hogar en medio del llanto. \u201c<strong><em>Tengo miedo de volver a mi casa, porque mi t\u00edo me quiso abusar, \u00e9l me manose\u00f3 y me toc\u00f3 los pechos y justo mi prima me salv\u00f3<\/em><\/strong>\", asegur\u00f3 entre sollozos.<\/p>\n\n\n\n<p>Ante esta declaraci\u00f3n, la educadora la contuvo e inform\u00f3 a sus superiores sobre lo que estaba ocurriendo. Ellos le aconsejaron que realizara la denuncia correspondiente mientras intentaban comunicarse con la madre para alertarla sobre la situaci\u00f3n que estaba enfrentando su hija.<\/p>\n\n\n\n<figure class=\"wp-block-image\"><img decoding=\"async\" src=\"https:\/\/www.cronica.com.ar\/export\/sites\/cronica\/img\/2021\/10\/26\/tania_monte_bitar_fiscal_santiago_del_estero.jpg_344123159.jpg\" alt=\"\" title=\"\"\/><figcaption>Tania Monte Bitar es la fiscal que entiende en la causa de la presunta violaci\u00f3n de la preadolescente en Termas de R\u00edo Hondo,&nbsp;<a href=\"https:\/\/www.cronica.com.ar\/tags\/Santiago%20del%20Estero\">Santiago del Estero<\/a>&nbsp;(Gentileza El Liberal).<\/figcaption><\/figure>\n\n\n\n<p>No pudieron contactarla, por lo que decidieron realizar directamente la denuncia penal en la&nbsp;<strong>Comisar\u00eda de la Mujer y la Familia de Las Termas<\/strong>. Inmediatamente, el caso qued\u00f3 en manos de la fiscal&nbsp;<strong>Tania Monte Bitar<\/strong>&nbsp;y esperan que en breve la menor comparezca ante la Fiscal\u00eda acompa\u00f1ada de un tutor para someterse a la C\u00e1mara Gesell.<\/p>\n\n\n\n<h2>El \"juego de la violaci\u00f3n\"<\/h2>\n\n\n\n<p>El caso de esta ni\u00f1a no es el \u00fanico suceso aberrante registrado en los \u00faltimos d\u00edas en Santiago del Estero. Hace diez d\u00edas sali\u00f3 a la luz \"el juego de la violaci\u00f3n\". Se trataba de un grupo de adolescentes que manten\u00edan relaciones presuntamente consentidas desde los ocho o nueve a\u00f1os.<\/p>\n\n\n\n<figure class=\"wp-block-image is-resized\"><img decoding=\"async\" loading=\"lazy\" src=\"https:\/\/www.cronica.com.ar\/export\/sites\/cronica\/img\/2021\/10\/17\/gladys_liliana_lami_jueza_santiago_del_estero.jpg_309029361.jpg\" alt=\"\" width=\"1161\" height=\"687\" title=\"\"\/><figcaption>La jueza Gladys Liliana Lami resolvi\u00f3 tras la C\u00e1mara Gesell, dictar una orden de detenci\u00f3n contra el hombre (gentileza&nbsp;<em>El Liberal<\/em>).<\/figcaption><\/figure>\n\n\n\n<p>M\u00e1s all\u00e1 de eso, el joven que dio a conocer todo, asegur\u00f3 que eso se trataba de un juego pero que \u00e9l s\u00ed hab\u00eda sido abusado por un adulto, amigo de su pap\u00e1 mientras \u00e9l jugaba al f\u00fatbol. Seg\u00fan relat\u00f3,\u00a0<strong>el sujeto de 56 a\u00f1os le pidi\u00f3 crema de afeitar, cuando el chico la fue a buscar al ba\u00f1o, el hombre lo agarr\u00f3 por atr\u00e1s, le tap\u00f3 la boca, lo redujo y lo viol\u00f3.\u00a0<\/strong>El presunto violador ya fue detenido.<\/p>\n\n\n\n<p><\/p>\n","protected":false},"excerpt":{"rendered":"<p>La docente&nbsp;de Santiago del Estero estaba preocupada por un rotundo cambio de actitud en la chiquita y decidi\u00f3 acercarse a conversar.&nbsp;ABERRANTES DETALLES. Un nuevo caso de presunto abuso sexual a una menor tuvo lugar en Santiago del Estero. Esta vez, el hecho fue descubierto por una maestra preocupada por una de sus alumnas quien decidi\u00f3 [&hellip;]<\/p>\n","protected":false},"author":40,"featured_media":315971,"comment_status":"open","ping_status":"open","sticky":false,"template":"","format":"standard","meta":{"_stopmodifiedupdate":false,"_modified_date":"","inline_featured_image":false},"categories":[3],"tags":[],"jetpack_featured_media_url":"https:\/\/notinor.com\/jujuy\/wp-content\/uploads\/2021\/10\/2091145.jpg","_links":{"self":[{"href":"https:\/\/notinor.com\/jujuy\/wp-json\/wp\/v2\/posts\/315969"}],"collection":[{"href":"https:\/\/notinor.com\/jujuy\/wp-json\/wp\/v2\/posts"}],"about":[{"href":"https:\/\/notinor.com\/jujuy\/wp-json\/wp\/v2\/types\/post"}],"author":[{"embeddable":true,"href":"https:\/\/notinor.com\/jujuy\/wp-json\/wp\/v2\/users\/40"}],"replies":[{"embeddable":true,"href":"https:\/\/notinor.com\/jujuy\/wp-json\/wp\/v2\/comments?post=315969"}],"version-history":[{"count":1,"href":"https:\/\/notinor.com\/jujuy\/wp-json\/wp\/v2\/posts\/315969\/revisions"}],"predecessor-version":[{"id":315972,"href":"https:\/\/notinor.com\/jujuy\/wp-json\/wp\/v2\/posts\/315969\/revisions\/315972"}],"wp:featuredmedia":[{"embeddable":true,"href":"https:\/\/notinor.com\/jujuy\/wp-json\/wp\/v2\/media\/315971"}],"wp:attachment":[{"href":"https:\/\/notinor.com\/jujuy\/wp-json\/wp\/v2\/media?parent=315969"}],"wp:term":[{"taxonomy":"category","embeddable":true,"href":"https:\/\/notinor.com\/jujuy\/wp-json\/wp\/v2\/categories?post=315969"},{"taxonomy":"post_tag","embeddable":true,"href":"https:\/\/notinor.com\/jujuy\/wp-json\/wp\/v2\/tags?post=315969"}],"curies":[{"name":"wp","href":"https:\/\/api.w.org\/{rel}","templated":true}]}}