{"id":312568,"date":"2021-09-28T12:22:56","date_gmt":"2021-09-28T15:22:56","guid":{"rendered":"https:\/\/notinor.com\/jujuy\/?p=312568"},"modified":"2021-09-28T12:23:02","modified_gmt":"2021-09-28T15:23:02","slug":"vizzotti-encabeza-un-encuentro-de-ministros-de-salud-de-todo-el-pais","status":"publish","type":"post","link":"https:\/\/notinor.com\/jujuy\/vizzotti-encabeza-un-encuentro-de-ministros-de-salud-de-todo-el-pais\/","title":{"rendered":"Vizzotti encabeza un encuentro de ministros de Salud de todo el pa\u00eds"},"content":{"rendered":"\n<p>Analizan desde el lunes la situaci\u00f3n epidemiol\u00f3gica de todo el territorio por la pandemia de coronavirus, el plan de vacunaci\u00f3n y el Plan Nacional de Pol\u00edticas de G\u00e9neros y Diversidad en Salud P\u00fablica.\u00a0<\/p>\n\n\n\n<div class=\"wp-block-image\"><figure class=\"aligncenter is-resized\"><img decoding=\"async\" loading=\"lazy\" src=\"https:\/\/www.telam.com.ar\/advf\/imagenes\/2021\/04\/6076df090603f_1004x565.jpg\" alt=\"Los ministros de Salud provinciales preocupados por la velocidad del  crecimiento de casos - T\u00e9lam - Agencia Nacional de Noticias\" width=\"1195\" height=\"671\"\/><\/figure><\/div>\n\n\n\n<p>La Argentina alcanzar\u00e1 al 50% de su poblaci\u00f3n con esquema completo de vacunas contra el coronavirus en las pr\u00f3ximas semanas, inform\u00f3 Carla Vizzotti. <br>El Consejo Federal de Salud (Cofesa) desarrollar\u00e1 su segunda y \u00faltima jornada de trabajo, en el hotel Provincial de Mar del Plata, encabezado por la ministra de Salud de la Naci\u00f3n,\u00a0<strong>Carla Vizzotti<\/strong>.<\/p>\n\n\n\n<p>La titular de la cartera de Salud y sus pares de las jurisdicciones del resto del pa\u00eds analizan desde el lunes la&nbsp;<strong>situaci\u00f3n epidemiol\u00f3gica de todo el territorio<\/strong>&nbsp;por la pandemia de coronavirus, entre otras pol\u00edticas publicas sanitarias.<\/p>\n\n\n\n<p>Las deliberaciones concluir\u00e1n este martes al mediod\u00eda con la difusi\u00f3n de las conclusiones de los diferentes temas que se abordaron en la mesa de trabajo.<\/p>\n\n\n\n<p>En ambas jornadas, se abord\u00f3 la situaci\u00f3n epidemiol\u00f3gica del pa\u00eds, el&nbsp;<strong>plan de vacunaci\u00f3n<\/strong>&nbsp;y el&nbsp;<strong>Plan Nacional de Pol\u00edticas de G\u00e9neros y Diversidad en Salud P\u00fablica<\/strong>, orientado a transformar las desigualdades estructurales de g\u00e9nero y promover condiciones de igualdad en las instituciones y las pol\u00edticas p\u00fablicas.<\/p>\n\n\n\n<p>El lunes, tras la primer jornada de trabajo, Vizzotti ofreci\u00f3 una conferencia de prensa, en la que sostuvo que la Argentina \"alcanzar\u00e1 al 50% de su poblaci\u00f3n con esquema completo de vacunas contra el coronavirus en las pr\u00f3ximas semanas\".<\/p>\n\n\n\n<p>\"La Argentina alcanzar\u00e1 al 50% de su poblaci\u00f3n con esquema completo de vacunas contra el coronavirus en las pr\u00f3ximas semanas\".CARLA VIZZOTTI<\/p>\n\n\n\n<p>Acompa\u00f1ada por el ministro bonaerense de Salud,&nbsp;<strong>Nicolas Kreplak<\/strong>&nbsp;en la rueda de prensa, Vizzotti indic\u00f3 que con \"casi 68 millones de vacunas recibidas, Argentina se acerca a este objetivo en el Plan Nacional de Vacunaci\u00f3n contra el coronavirus para seguir completando esquemas y avanzar en la vacunaci\u00f3n de adolescentes antes de fin de a\u00f1o\".<\/p>\n\n\n\n<p>\"Con&nbsp;<strong>50.910.055 vacunas<\/strong>&nbsp;aplicadas en todo el territorio, se alcanz\u00f3 la cobertura con esquema completo del 46,7% de su poblaci\u00f3n total, cifra que asciende al 64,8 por ciento en la poblaci\u00f3n mayor de 18 a\u00f1os\", dijo.<\/p>\n\n\n\n<p>La titular de la cartera de Salud, tambi\u00e9n indic\u00f3 que se acord\u00f3 \"<strong>ir casa por casa para buscar a las personas que no se inscribieron en el plan de vacunaci\u00f3n<\/strong>&nbsp;contra el coronavirus puesto en marcha por el Gobierno nacional para convencerlas e invitarlas a que lo hagan\".<\/p>\n","protected":false},"excerpt":{"rendered":"<p>Analizan desde el lunes la situaci\u00f3n epidemiol\u00f3gica de todo el territorio por la pandemia de coronavirus, el plan de vacunaci\u00f3n y el Plan Nacional de Pol\u00edticas de G\u00e9neros y Diversidad en Salud P\u00fablica.\u00a0 La Argentina alcanzar\u00e1 al 50% de su poblaci\u00f3n con esquema completo de vacunas contra el coronavirus en las pr\u00f3ximas semanas, inform\u00f3 Carla [&hellip;]<\/p>\n","protected":false},"author":40,"featured_media":312570,"comment_status":"open","ping_status":"open","sticky":false,"template":"","format":"standard","meta":{"_stopmodifiedupdate":false,"_modified_date":"","inline_featured_image":false,"spay_email":"","jetpack_publicize_message":""},"categories":[501],"tags":[],"jetpack_featured_media_url":"https:\/\/notinor.com\/jujuy\/wp-content\/uploads\/2021\/09\/6076df090603f_1004x565.jpg","jetpack_publicize_connections":[],"_links":{"self":[{"href":"https:\/\/notinor.com\/jujuy\/wp-json\/wp\/v2\/posts\/312568"}],"collection":[{"href":"https:\/\/notinor.com\/jujuy\/wp-json\/wp\/v2\/posts"}],"about":[{"href":"https:\/\/notinor.com\/jujuy\/wp-json\/wp\/v2\/types\/post"}],"author":[{"embeddable":true,"href":"https:\/\/notinor.com\/jujuy\/wp-json\/wp\/v2\/users\/40"}],"replies":[{"embeddable":true,"href":"https:\/\/notinor.com\/jujuy\/wp-json\/wp\/v2\/comments?post=312568"}],"version-history":[{"count":1,"href":"https:\/\/notinor.com\/jujuy\/wp-json\/wp\/v2\/posts\/312568\/revisions"}],"predecessor-version":[{"id":312571,"href":"https:\/\/notinor.com\/jujuy\/wp-json\/wp\/v2\/posts\/312568\/revisions\/312571"}],"wp:featuredmedia":[{"embeddable":true,"href":"https:\/\/notinor.com\/jujuy\/wp-json\/wp\/v2\/media\/312570"}],"wp:attachment":[{"href":"https:\/\/notinor.com\/jujuy\/wp-json\/wp\/v2\/media?parent=312568"}],"wp:term":[{"taxonomy":"category","embeddable":true,"href":"https:\/\/notinor.com\/jujuy\/wp-json\/wp\/v2\/categories?post=312568"},{"taxonomy":"post_tag","embeddable":true,"href":"https:\/\/notinor.com\/jujuy\/wp-json\/wp\/v2\/tags?post=312568"}],"curies":[{"name":"wp","href":"https:\/\/api.w.org\/{rel}","templated":true}]}}