{"id":312547,"date":"2021-09-28T12:05:13","date_gmt":"2021-09-28T15:05:13","guid":{"rendered":"https:\/\/notinor.com\/jujuy\/?p=312547"},"modified":"2021-09-28T12:05:18","modified_gmt":"2021-09-28T15:05:18","slug":"argentina-italia-un-partido-entre-los-campeones-continentales-anuncian-un-choque-que-ya-tiene-fecha-pero-aun-sin-sede","status":"publish","type":"post","link":"https:\/\/notinor.com\/jujuy\/argentina-italia-un-partido-entre-los-campeones-continentales-anuncian-un-choque-que-ya-tiene-fecha-pero-aun-sin-sede\/","title":{"rendered":"Argentina-Italia, un partido entre los campeones continentales: anuncian un choque que ya tiene fecha, pero a\u00fan sin sede"},"content":{"rendered":"\n<p>El seleccionado nacional, ganador de la Copa Am\u00e9rica, jugar\u00e1 con el seleccionado europeo, el mejor de la Eurocopa. Ambas confederaciones hicieron oficial el duelo. <\/p>\n\n\n\n<div class=\"wp-block-image\"><figure class=\"aligncenter size-large is-resized\"><img decoding=\"async\" loading=\"lazy\" src=\"https:\/\/notinor.com\/jujuy\/wp-content\/uploads\/2021\/09\/ARGENTINA.jpg\" alt=\"\" class=\"wp-image-312553\" width=\"476\" height=\"298\" srcset=\"https:\/\/notinor.com\/jujuy\/wp-content\/uploads\/2021\/09\/ARGENTINA.jpg 691w, https:\/\/notinor.com\/jujuy\/wp-content\/uploads\/2021\/09\/ARGENTINA-582x365.jpg 582w\" sizes=\"(max-width: 476px) 100vw, 476px\" \/><\/figure><\/div>\n\n\n\n<p>La Confederaci\u00f3n Sudamericana de F\u00fatbol (Conmebol) y su par de Europa (UEFA), anunciaron este martes que los campeones de ambos continentes, Argentina en la Copa Am\u00e9rica, e Italia en la Eurocopa, celebrar\u00e1n un partido entre ambos en junio de 2022 en el marco de un programa de cooperaci\u00f3n.<\/p>\n\n\n\n<p>En un texto dado a conocer por ambos organismos, se anunci\u00f3: \u201cLa CONMEBOL y la UEFA han anunciado la ampliaci\u00f3n de su actual cooperaci\u00f3n, as\u00ed como la organizaci\u00f3n de un partido entre el ganador de la CONMEBOL Copa Am\u00e9rica 2021, Argentina, y el ganador de la Eurocopa 2020, Italia, durante la ventana internacional de Junio de 2022 en una sede a confirmar\u201d.<\/p>\n\n\n\n<p>En la informaci\u00f3n oficial se agrega que \u201cla organizaci\u00f3n de este partido se enmarca en la ampliaci\u00f3n de la cooperaci\u00f3n entre la CONMEBOL y la UEFA, que incluye especialmente el f\u00fatbol femenino, el futsal y las categor\u00edas juveniles, el intercambio de \u00e1rbitros, as\u00ed como los programas de formaci\u00f3n t\u00e9cnica\u201d.<\/p>\n\n\n\n<p>El acuerdo alcanzado por ambas organizaciones abarca actualmente tres ediciones de este partido entre los respectivos ganadores continentales, e incluye tambi\u00e9n la apertura de una oficina conjunta en Londres, que se encargar\u00e1 de coordinar los proyectos de inter\u00e9s com\u00fan.<\/p>\n\n\n\n<p>Con este acuerdo, la CONMEBOL y la UEFA expresan su compromiso con el desarrollo del f\u00fatbol m\u00e1s all\u00e1 de sus zonas geogr\u00e1ficas, como un puente que une personas, pa\u00edses, continentes y culturas.<\/p>\n\n\n\n<p>El Consejo de la CONMEBOL y el Comit\u00e9 Ejecutivo de la UEFA tambi\u00e9n expresaron su firme voluntad de seguir colaborando en otros asuntos de inter\u00e9s mutuo en el futuro, agrega la nota en su p\u00e1rrafo final.<\/p>\n\n\n\n<p>Sin nombre ni sede oficial<\/p>\n\n\n\n<p>El evento anunciado solo tiene fecha oficial, en junio de 2022, pero a\u00fan no fue bautizado ni se inform\u00f3 en qu\u00e9 lugar del mundo se disputar\u00e1, aunque distintas versiones indican que Argentina e Italia disputar\u00edan la Copa Euroamericana y el lugar podr\u00eda ser Estados Unidos.<\/p>\n\n\n\n<p>Tanto Conmebol como UEFA negociar\u00edan con sus campeones para acordar la sede de esta primera edici\u00f3n de un certamen que tendr\u00eda varios millones de d\u00f3lares en premios y que retomar\u00eda la senda marcada por la Copa Artemio Franchi (1985 y 1993), Copa Rey Fahd (1992-1995) y Copa de las Confederaciones (1997-2017).<\/p>\n\n\n\n<div class=\"wp-block-image\"><figure class=\"aligncenter size-large is-resized\"><img decoding=\"async\" loading=\"lazy\" src=\"https:\/\/notinor.com\/jujuy\/wp-content\/uploads\/2021\/09\/ITALIA.jpg\" alt=\"\" class=\"wp-image-312556\" width=\"485\" height=\"290\" srcset=\"https:\/\/notinor.com\/jujuy\/wp-content\/uploads\/2021\/09\/ITALIA.jpg 698w, https:\/\/notinor.com\/jujuy\/wp-content\/uploads\/2021\/09\/ITALIA-611x365.jpg 611w\" sizes=\"(max-width: 485px) 100vw, 485px\" \/><\/figure><\/div>\n","protected":false},"excerpt":{"rendered":"<p>El seleccionado nacional, ganador de la Copa Am\u00e9rica, jugar\u00e1 con el seleccionado europeo, el mejor de la Eurocopa. Ambas confederaciones hicieron oficial el duelo. La Confederaci\u00f3n Sudamericana de F\u00fatbol (Conmebol) y su par de Europa (UEFA), anunciaron este martes que los campeones de ambos continentes, Argentina en la Copa Am\u00e9rica, e Italia en la Eurocopa, [&hellip;]<\/p>\n","protected":false},"author":5,"featured_media":312552,"comment_status":"open","ping_status":"open","sticky":false,"template":"","format":"standard","meta":{"_stopmodifiedupdate":false,"_modified_date":"","inline_featured_image":false,"spay_email":"","jetpack_publicize_message":""},"categories":[7],"tags":[],"jetpack_featured_media_url":"https:\/\/notinor.com\/jujuy\/wp-content\/uploads\/2021\/09\/CAMPEONES.jpg","jetpack_publicize_connections":[],"_links":{"self":[{"href":"https:\/\/notinor.com\/jujuy\/wp-json\/wp\/v2\/posts\/312547"}],"collection":[{"href":"https:\/\/notinor.com\/jujuy\/wp-json\/wp\/v2\/posts"}],"about":[{"href":"https:\/\/notinor.com\/jujuy\/wp-json\/wp\/v2\/types\/post"}],"author":[{"embeddable":true,"href":"https:\/\/notinor.com\/jujuy\/wp-json\/wp\/v2\/users\/5"}],"replies":[{"embeddable":true,"href":"https:\/\/notinor.com\/jujuy\/wp-json\/wp\/v2\/comments?post=312547"}],"version-history":[{"count":1,"href":"https:\/\/notinor.com\/jujuy\/wp-json\/wp\/v2\/posts\/312547\/revisions"}],"predecessor-version":[{"id":312557,"href":"https:\/\/notinor.com\/jujuy\/wp-json\/wp\/v2\/posts\/312547\/revisions\/312557"}],"wp:featuredmedia":[{"embeddable":true,"href":"https:\/\/notinor.com\/jujuy\/wp-json\/wp\/v2\/media\/312552"}],"wp:attachment":[{"href":"https:\/\/notinor.com\/jujuy\/wp-json\/wp\/v2\/media?parent=312547"}],"wp:term":[{"taxonomy":"category","embeddable":true,"href":"https:\/\/notinor.com\/jujuy\/wp-json\/wp\/v2\/categories?post=312547"},{"taxonomy":"post_tag","embeddable":true,"href":"https:\/\/notinor.com\/jujuy\/wp-json\/wp\/v2\/tags?post=312547"}],"curies":[{"name":"wp","href":"https:\/\/api.w.org\/{rel}","templated":true}]}}