{"id":31226,"date":"2015-06-11T23:19:17","date_gmt":"2015-06-12T02:19:17","guid":{"rendered":"http:\/\/notinor.com\/jujuy\/?p=31226"},"modified":"2015-06-11T23:19:17","modified_gmt":"2015-06-12T02:19:17","slug":"jenefes-saludo-a-los-vecinos-en-su-dia-en-el-atrio-de-la-catedral","status":"publish","type":"post","link":"https:\/\/notinor.com\/jujuy\/jenefes-saludo-a-los-vecinos-en-su-dia-en-el-atrio-de-la-catedral\/","title":{"rendered":"Jenefes salud\u00f3 a los vecinos en su d\u00eda en el Atrio de la Catedral"},"content":{"rendered":"<p>Jenefes comparti\u00f3 y felicit\u00f2 a los vecinos y a sus representantes sosteniendo que \"los centros vecinales son quienes ofrecen un importante soporte a quienes ejercemos la actividad p\u00fablica ya que son ellos los que reciben de forma pronta y directa las necesidades de nuestros comprovincianos y trasladan esas inquietudes en busca de soluciones\".<\/p>\n<p><a href=\"http:\/\/notinor.com\/jujuy\/wp-content\/uploads\/2015\/06\/DSC_0255.jpg\"><img decoding=\"async\" loading=\"lazy\" class=\"alignnone size-medium wp-image-31227\" src=\"http:\/\/notinor.com\/jujuy\/wp-content\/uploads\/2015\/06\/DSC_0255-300x199.jpg\" alt=\"DSC_0255\" width=\"300\" height=\"199\" srcset=\"https:\/\/notinor.com\/jujuy\/wp-content\/uploads\/2015\/06\/DSC_0255-300x199.jpg 300w, https:\/\/notinor.com\/jujuy\/wp-content\/uploads\/2015\/06\/DSC_0255.jpg 767w\" sizes=\"(max-width: 300px) 100vw, 300px\" \/><\/a><\/p>\n<p>Dijo adem\u00e1s que la intervenci\u00f3n de los vecinos ofrece la oportunidad del fluido intercambio de ideas \"que redundan siempre en el crecimiento sostenido de la provincia que es lo que anhelamos todos\".<\/p>\n<p>&nbsp;<\/p>\n","protected":false},"excerpt":{"rendered":"<p>Jenefes comparti\u00f3 y felicit\u00f2 a los vecinos y a sus representantes sosteniendo que \"los centros vecinales son quienes ofrecen un importante soporte a quienes ejercemos la actividad p\u00fablica ya que son ellos los que reciben de forma pronta y directa las necesidades de nuestros comprovincianos y trasladan esas inquietudes en busca de soluciones\". Dijo adem\u00e1s [&hellip;]<\/p>\n","protected":false},"author":1,"featured_media":31227,"comment_status":"open","ping_status":"open","sticky":false,"template":"","format":"standard","meta":{"_stopmodifiedupdate":false,"_modified_date":"","inline_featured_image":false},"categories":[485],"tags":[],"jetpack_featured_media_url":"https:\/\/notinor.com\/jujuy\/wp-content\/uploads\/2015\/06\/DSC_0255.jpg","_links":{"self":[{"href":"https:\/\/notinor.com\/jujuy\/wp-json\/wp\/v2\/posts\/31226"}],"collection":[{"href":"https:\/\/notinor.com\/jujuy\/wp-json\/wp\/v2\/posts"}],"about":[{"href":"https:\/\/notinor.com\/jujuy\/wp-json\/wp\/v2\/types\/post"}],"author":[{"embeddable":true,"href":"https:\/\/notinor.com\/jujuy\/wp-json\/wp\/v2\/users\/1"}],"replies":[{"embeddable":true,"href":"https:\/\/notinor.com\/jujuy\/wp-json\/wp\/v2\/comments?post=31226"}],"version-history":[{"count":1,"href":"https:\/\/notinor.com\/jujuy\/wp-json\/wp\/v2\/posts\/31226\/revisions"}],"predecessor-version":[{"id":31228,"href":"https:\/\/notinor.com\/jujuy\/wp-json\/wp\/v2\/posts\/31226\/revisions\/31228"}],"wp:featuredmedia":[{"embeddable":true,"href":"https:\/\/notinor.com\/jujuy\/wp-json\/wp\/v2\/media\/31227"}],"wp:attachment":[{"href":"https:\/\/notinor.com\/jujuy\/wp-json\/wp\/v2\/media?parent=31226"}],"wp:term":[{"taxonomy":"category","embeddable":true,"href":"https:\/\/notinor.com\/jujuy\/wp-json\/wp\/v2\/categories?post=31226"},{"taxonomy":"post_tag","embeddable":true,"href":"https:\/\/notinor.com\/jujuy\/wp-json\/wp\/v2\/tags?post=31226"}],"curies":[{"name":"wp","href":"https:\/\/api.w.org\/{rel}","templated":true}]}}