{"id":310583,"date":"2021-09-10T09:19:55","date_gmt":"2021-09-10T12:19:55","guid":{"rendered":"https:\/\/notinor.com\/jujuy\/?p=310583"},"modified":"2021-09-10T09:20:01","modified_gmt":"2021-09-10T12:20:01","slug":"messi-no-aguanto-la-emocion-y-lloro-como-un-nene-tras-su-exhibicion-ante-bolivia","status":"publish","type":"post","link":"https:\/\/notinor.com\/jujuy\/messi-no-aguanto-la-emocion-y-lloro-como-un-nene-tras-su-exhibicion-ante-bolivia\/","title":{"rendered":"Messi no aguant\u00f3 la emoci\u00f3n y llor\u00f3 como un nene tras su exhibici\u00f3n ante Bolivia"},"content":{"rendered":"\n<p>La\u00a0<strong>Selecci\u00f3n argentina\u00a0<\/strong>jug\u00f3 su primer partido en el pa\u00eds luego de ganar la\u00a0<strong>Copa Am\u00e9rica\u00a0<\/strong>en Brasil y fue una fiesta total. En su regreso al Monumental se dio tambi\u00e9n el regreso del p\u00fablico a las canchas, por lo que los jugadores disfrutaron de la ovaci\u00f3n de la gente, que no par\u00f3 de cantar \"dale campe\u00f3n\" apenas terminado el encuentro.<\/p>\n\n\n\n<figure class=\"wp-block-image is-resized\"><img decoding=\"async\" loading=\"lazy\" src=\"https:\/\/www.mdzol.com\/u\/fotografias\/m\/2021\/9\/9\/f848x477-1106872_1164675_5638.jpg\" alt=\"\" width=\"1170\" height=\"659\"\/><\/figure>\n\n\n\n<p>Por eso, finalizado el partido en el que fue la gran figura, marcando los tres goles del triunfo por 3 a 0 frente a Bolivia,&nbsp;<strong>Lionel Messi&nbsp;<\/strong>no pudo contener las l\u00e1grimas al hablar con la prensa.<\/p>\n\n\n\n<p>Luego de un breve an\u00e1lisis del partido, a&nbsp;<strong>Messi&nbsp;<\/strong>se le quebr\u00f3 la voz y al ser consultado por el periodista de la transmisi\u00f3n de TyC Sports sobre su&nbsp;<strong>emoci\u00f3n<\/strong>, dijo que \"lo busqu\u00e9 mucho esto, lo so\u00f1\u00e9 y gracias a Dios se me dio\".<\/p>\n\n\n\n<div class=\"wp-block-image\"><figure class=\"aligncenter is-resized\"><img decoding=\"async\" loading=\"lazy\" src=\"https:\/\/content.jwplatform.com\/thumbs\/ulPaqhTu-720.jpg\" alt=\"Loading video\" width=\"915\" height=\"513\"\/><\/figure><\/div>\n\n\n\n<figure><iframe allowfullscreen=\"\" src=\"https:\/\/content.jwplatform.com\/players\/ulPaqhTu-3LVbKwn1.html?isAMP=true\"><\/iframe><\/figure>\n\n\n\n<p>\"Es un momento \u00fanico, no hab\u00eda mejor manera de que sea y poder estar ac\u00e1 festejando. Es incre\u00edble, est\u00e1n mi mam\u00e1 y mis hermanos en la tribuna, que sufrieron mucho tambi\u00e9n, estoy muy feliz\", agreg\u00f3 Leo visiblemente conmovido.<\/p>\n\n\n\n<p>All\u00ed brotaron las l\u00e1grimas y termin\u00f3 la entrevista, y r\u00e1pidamente&nbsp;<strong>Claudio Tapia&nbsp;<\/strong>y&nbsp;<strong>\u00c1ngel Di Mar\u00eda&nbsp;<\/strong>fueron a abrazar a la Pulga, mientras el p\u00fablico gritaba \"dale campe\u00f3n\" y \"que de la mano de&nbsp;<strong>Leo Messi&nbsp;<\/strong>todos la vuelta vamos a dar\".<\/p>\n","protected":false},"excerpt":{"rendered":"<p>La\u00a0Selecci\u00f3n argentina\u00a0jug\u00f3 su primer partido en el pa\u00eds luego de ganar la\u00a0Copa Am\u00e9rica\u00a0en Brasil y fue una fiesta total. En su regreso al Monumental se dio tambi\u00e9n el regreso del p\u00fablico a las canchas, por lo que los jugadores disfrutaron de la ovaci\u00f3n de la gente, que no par\u00f3 de cantar \"dale campe\u00f3n\" apenas terminado [&hellip;]<\/p>\n","protected":false},"author":40,"featured_media":310584,"comment_status":"open","ping_status":"open","sticky":false,"template":"","format":"standard","meta":{"_stopmodifiedupdate":false,"_modified_date":"","inline_featured_image":false,"spay_email":"","jetpack_publicize_message":""},"categories":[5],"tags":[],"jetpack_featured_media_url":"https:\/\/notinor.com\/jujuy\/wp-content\/uploads\/2021\/09\/f848x477-1106872_1164675_5638.jpg","jetpack_publicize_connections":[],"_links":{"self":[{"href":"https:\/\/notinor.com\/jujuy\/wp-json\/wp\/v2\/posts\/310583"}],"collection":[{"href":"https:\/\/notinor.com\/jujuy\/wp-json\/wp\/v2\/posts"}],"about":[{"href":"https:\/\/notinor.com\/jujuy\/wp-json\/wp\/v2\/types\/post"}],"author":[{"embeddable":true,"href":"https:\/\/notinor.com\/jujuy\/wp-json\/wp\/v2\/users\/40"}],"replies":[{"embeddable":true,"href":"https:\/\/notinor.com\/jujuy\/wp-json\/wp\/v2\/comments?post=310583"}],"version-history":[{"count":1,"href":"https:\/\/notinor.com\/jujuy\/wp-json\/wp\/v2\/posts\/310583\/revisions"}],"predecessor-version":[{"id":310585,"href":"https:\/\/notinor.com\/jujuy\/wp-json\/wp\/v2\/posts\/310583\/revisions\/310585"}],"wp:featuredmedia":[{"embeddable":true,"href":"https:\/\/notinor.com\/jujuy\/wp-json\/wp\/v2\/media\/310584"}],"wp:attachment":[{"href":"https:\/\/notinor.com\/jujuy\/wp-json\/wp\/v2\/media?parent=310583"}],"wp:term":[{"taxonomy":"category","embeddable":true,"href":"https:\/\/notinor.com\/jujuy\/wp-json\/wp\/v2\/categories?post=310583"},{"taxonomy":"post_tag","embeddable":true,"href":"https:\/\/notinor.com\/jujuy\/wp-json\/wp\/v2\/tags?post=310583"}],"curies":[{"name":"wp","href":"https:\/\/api.w.org\/{rel}","templated":true}]}}